{"id":937,"date":"2014-06-29T11:29:03","date_gmt":"2014-06-29T09:29:03","guid":{"rendered":"http:\/\/www.vfl-grafenwald.de\/?p=937"},"modified":"2014-07-04T21:24:46","modified_gmt":"2014-07-04T19:24:46","slug":"gratulation-zur-bestandenen-guertelpruefung","status":"publish","type":"post","link":"https:\/\/www.vfl-grafenwald.de\/?p=937","title":{"rendered":"Gratulation zur bestandenen G\u00fcrtelpr\u00fcfung"},"content":{"rendered":"<p><a href=\"http:\/\/www.vfl-grafenwald.de\/wp-content\/uploads\/2014\/06\/pr\u00fcfung_1_2014.jpg\"><img loading=\"lazy\" decoding=\"async\" class=\"aligncenter size-full wp-image-938\" src=\"http:\/\/www.vfl-grafenwald.de\/wp-content\/uploads\/2014\/06\/pr\u00fcfung_1_2014.jpg\" alt=\"pr\u00fcfung_1_2014\" width=\"800\" height=\"445\" srcset=\"https:\/\/www.vfl-grafenwald.de\/wp-content\/uploads\/2014\/06\/pr\u00fcfung_1_2014.jpg 800w, https:\/\/www.vfl-grafenwald.de\/wp-content\/uploads\/2014\/06\/pr\u00fcfung_1_2014-300x166.jpg 300w, https:\/\/www.vfl-grafenwald.de\/wp-content\/uploads\/2014\/06\/pr\u00fcfung_1_2014-500x278.jpg 500w\" sizes=\"auto, (max-width: 800px) 100vw, 800px\" \/><\/a><\/p>\n<p>Wir gratulieren zur bestanden G\u00fcrtelpr\u00fcfung!<\/p>\n<ul>\n<li>Tim Doussier &#8211; 3. DAN<\/li>\n<li>Daniel Radyk &#8211; 5. Kup<\/li>\n<li>Sebastial Buil &#8211; 5. Kup<\/li>\n<li>Johannes Duckheim &#8211; 5. Kup<\/li>\n<li>Jakob Duckheim &#8211; 6. Kup<\/li>\n<li>Merlin Lampart &#8211; 6. Kup<\/li>\n<li>Jarno Lampart &#8211; 7. Kup<\/li>\n<li>Florian Wengerek &#8211; 8. Kup<\/li>\n<li>Mathias Buil &#8211; 8. Kup<\/li>\n<li>Justin Kleinemeier &#8211; 8. Kup<\/li>\n<li>Louis Kanzler &#8211; 8. Kup<\/li>\n<li>Nadem Marji &#8211; 9. Kup<\/li>\n<\/ul>\n<p>Die Gro\u00dfmeister Sin-Kil Yoon und Robert Macioszek waren mit den Leistungen der Sch\u00fcler mehr als zufrieden. Gepr\u00fcft wurden die Bereiche: Theorie, Grundtechniken, Freikampf, Einschrittkampf, Formenlauf, Selbstverteidiung und Bruchtest.<\/p>\n","protected":false},"excerpt":{"rendered":"<p>Wir gratulieren zur bestanden G\u00fcrtelpr\u00fcfung! Tim Doussier &#8211; 3. DAN Daniel Radyk &#8211; 5. Kup Sebastial Buil &#8211; 5. Kup Johannes Duckheim &#8211; 5. Kup Jakob Duckheim &#8211; 6. Kup Merlin Lampart &#8211; 6. Kup Jarno Lampart &#8211; 7. Kup &hellip; <a href=\"https:\/\/www.vfl-grafenwald.de\/?p=937\">Weiterlesen <span class=\"meta-nav\">&rarr;<\/span><\/a><\/p>\n","protected":false},"author":1,"featured_media":0,"comment_status":"closed","ping_status":"closed","sticky":false,"template":"","format":"standard","meta":{"footnotes":""},"categories":[3],"tags":[14,16],"class_list":["post-937","post","type-post","status-publish","format-standard","hentry","category-kampfsport","tag-gurtelprufung","tag-tkd"],"_links":{"self":[{"href":"https:\/\/www.vfl-grafenwald.de\/index.php?rest_route=\/wp\/v2\/posts\/937","targetHints":{"allow":["GET"]}}],"collection":[{"href":"https:\/\/www.vfl-grafenwald.de\/index.php?rest_route=\/wp\/v2\/posts"}],"about":[{"href":"https:\/\/www.vfl-grafenwald.de\/index.php?rest_route=\/wp\/v2\/types\/post"}],"author":[{"embeddable":true,"href":"https:\/\/www.vfl-grafenwald.de\/index.php?rest_route=\/wp\/v2\/users\/1"}],"replies":[{"embeddable":true,"href":"https:\/\/www.vfl-grafenwald.de\/index.php?rest_route=%2Fwp%2Fv2%2Fcomments&post=937"}],"version-history":[{"count":5,"href":"https:\/\/www.vfl-grafenwald.de\/index.php?rest_route=\/wp\/v2\/posts\/937\/revisions"}],"predecessor-version":[{"id":943,"href":"https:\/\/www.vfl-grafenwald.de\/index.php?rest_route=\/wp\/v2\/posts\/937\/revisions\/943"}],"wp:attachment":[{"href":"https:\/\/www.vfl-grafenwald.de\/index.php?rest_route=%2Fwp%2Fv2%2Fmedia&parent=937"}],"wp:term":[{"taxonomy":"category","embeddable":true,"href":"https:\/\/www.vfl-grafenwald.de\/index.php?rest_route=%2Fwp%2Fv2%2Fcategories&post=937"},{"taxonomy":"post_tag","embeddable":true,"href":"https:\/\/www.vfl-grafenwald.de\/index.php?rest_route=%2Fwp%2Fv2%2Ftags&post=937"}],"curies":[{"name":"wp","href":"https:\/\/api.w.org\/{rel}","templated":true}]}}