{"id":914,"date":"2014-02-05T15:14:45","date_gmt":"2014-02-05T14:14:45","guid":{"rendered":"http:\/\/www.vfl-grafenwald.de\/?p=914"},"modified":"2014-02-05T15:15:04","modified_gmt":"2014-02-05T14:15:04","slug":"abteilungsversammlung-fussball-am-7-maerz","status":"publish","type":"post","link":"https:\/\/www.vfl-grafenwald.de\/?p=914","title":{"rendered":"Abteilungsversammlung Fu\u00dfball am 7. M\u00e4rz"},"content":{"rendered":"<p>Am Freitag, 7. M\u00e4rz, findet im Jugend- und Vereinsheim des VfL Grafenwald (Sensenfeld 96) die Jahresversammlung der Abteilung Fu\u00dfball statt. Beginn der Veranstaltung ist 19 Uhr; auf der Tagesordnung stehen unter anderem die Jahresberichte der Abteilung. Im Anschluss an die Versammlung sind alle Mitglieder der Abteilung herzlich eingeladen, den Abend bei geselligem Zusammensein ausklingen zu lassen.<\/p>\n<p><a href=\"http:\/\/www.vfl-grafenwald.de\/wp-content\/uploads\/2014\/02\/Einladung_AV_2014.pdf\">Einladung_AV_2014<\/a><\/p>\n","protected":false},"excerpt":{"rendered":"<p>Am Freitag, 7. M\u00e4rz, findet im Jugend- und Vereinsheim des VfL Grafenwald (Sensenfeld 96) die Jahresversammlung der Abteilung Fu\u00dfball statt. Beginn der Veranstaltung ist 19 Uhr; auf der Tagesordnung stehen unter anderem die Jahresberichte der Abteilung. Im Anschluss an die &hellip; <a href=\"https:\/\/www.vfl-grafenwald.de\/?p=914\">Weiterlesen <span class=\"meta-nav\">&rarr;<\/span><\/a><\/p>\n","protected":false},"author":4,"featured_media":0,"comment_status":"closed","ping_status":"closed","sticky":false,"template":"","format":"standard","meta":{"footnotes":""},"categories":[4],"tags":[17],"class_list":["post-914","post","type-post","status-publish","format-standard","hentry","category-fussball","tag-fusball"],"_links":{"self":[{"href":"https:\/\/www.vfl-grafenwald.de\/index.php?rest_route=\/wp\/v2\/posts\/914","targetHints":{"allow":["GET"]}}],"collection":[{"href":"https:\/\/www.vfl-grafenwald.de\/index.php?rest_route=\/wp\/v2\/posts"}],"about":[{"href":"https:\/\/www.vfl-grafenwald.de\/index.php?rest_route=\/wp\/v2\/types\/post"}],"author":[{"embeddable":true,"href":"https:\/\/www.vfl-grafenwald.de\/index.php?rest_route=\/wp\/v2\/users\/4"}],"replies":[{"embeddable":true,"href":"https:\/\/www.vfl-grafenwald.de\/index.php?rest_route=%2Fwp%2Fv2%2Fcomments&post=914"}],"version-history":[{"count":1,"href":"https:\/\/www.vfl-grafenwald.de\/index.php?rest_route=\/wp\/v2\/posts\/914\/revisions"}],"predecessor-version":[{"id":916,"href":"https:\/\/www.vfl-grafenwald.de\/index.php?rest_route=\/wp\/v2\/posts\/914\/revisions\/916"}],"wp:attachment":[{"href":"https:\/\/www.vfl-grafenwald.de\/index.php?rest_route=%2Fwp%2Fv2%2Fmedia&parent=914"}],"wp:term":[{"taxonomy":"category","embeddable":true,"href":"https:\/\/www.vfl-grafenwald.de\/index.php?rest_route=%2Fwp%2Fv2%2Fcategories&post=914"},{"taxonomy":"post_tag","embeddable":true,"href":"https:\/\/www.vfl-grafenwald.de\/index.php?rest_route=%2Fwp%2Fv2%2Ftags&post=914"}],"curies":[{"name":"wp","href":"https:\/\/api.w.org\/{rel}","templated":true}]}}