{"id":899,"date":"2013-12-20T22:48:02","date_gmt":"2013-12-20T21:48:02","guid":{"rendered":"http:\/\/www.vfl-grafenwald.de\/?p=899"},"modified":"2013-12-20T22:48:02","modified_gmt":"2013-12-20T21:48:02","slug":"kampfsport-gratulation-zur-bestandenen-guertelpruefung","status":"publish","type":"post","link":"https:\/\/www.vfl-grafenwald.de\/?p=899","title":{"rendered":"Kampfsport: Gratulation zur bestandenen G\u00fcrtelpr\u00fcfung"},"content":{"rendered":"<p>Wir gratulieren zur bestandenen Pr\u00fcfung:<\/p>\n<p>\u25a0 Johannes Duckheim \u2013 6. Kup<\/p>\n<p>\u25a0 Daniel Radyk &#8211; 6. Kup<\/p>\n<p>\u25a0 Sebastial Buil &#8211; 6. Kup<\/p>\n<p>\u25a0 Jakob Duckheim &#8211; 7. Kup<\/p>\n<p>\u25a0 Merlin Lampart &#8211; 7. Kup<\/p>\n<p>\u25a0 Jarno Lampart &#8211; 8. Kup<\/p>\n<p>Ebenfalls Gratulation an die 6 Pr\u00fcflinge vom TuS Finkenwerder.<\/p>\n<p>Dank an die Dojangmeister Tim Doussier und Thorben Bernatzki.<\/p>\n","protected":false},"excerpt":{"rendered":"<p>Wir gratulieren zur bestandenen Pr\u00fcfung: \u25a0 Johannes Duckheim \u2013 6. Kup \u25a0 Daniel Radyk &#8211; 6. Kup \u25a0 Sebastial Buil &#8211; 6. Kup \u25a0 Jakob Duckheim &#8211; 7. Kup \u25a0 Merlin Lampart &#8211; 7. Kup \u25a0 Jarno Lampart &#8211; 8. &hellip; <a href=\"https:\/\/www.vfl-grafenwald.de\/?p=899\">Weiterlesen <span class=\"meta-nav\">&rarr;<\/span><\/a><\/p>\n","protected":false},"author":1,"featured_media":0,"comment_status":"closed","ping_status":"closed","sticky":false,"template":"","format":"standard","meta":{"footnotes":""},"categories":[3],"tags":[],"class_list":["post-899","post","type-post","status-publish","format-standard","hentry","category-kampfsport"],"_links":{"self":[{"href":"https:\/\/www.vfl-grafenwald.de\/index.php?rest_route=\/wp\/v2\/posts\/899","targetHints":{"allow":["GET"]}}],"collection":[{"href":"https:\/\/www.vfl-grafenwald.de\/index.php?rest_route=\/wp\/v2\/posts"}],"about":[{"href":"https:\/\/www.vfl-grafenwald.de\/index.php?rest_route=\/wp\/v2\/types\/post"}],"author":[{"embeddable":true,"href":"https:\/\/www.vfl-grafenwald.de\/index.php?rest_route=\/wp\/v2\/users\/1"}],"replies":[{"embeddable":true,"href":"https:\/\/www.vfl-grafenwald.de\/index.php?rest_route=%2Fwp%2Fv2%2Fcomments&post=899"}],"version-history":[{"count":1,"href":"https:\/\/www.vfl-grafenwald.de\/index.php?rest_route=\/wp\/v2\/posts\/899\/revisions"}],"predecessor-version":[{"id":900,"href":"https:\/\/www.vfl-grafenwald.de\/index.php?rest_route=\/wp\/v2\/posts\/899\/revisions\/900"}],"wp:attachment":[{"href":"https:\/\/www.vfl-grafenwald.de\/index.php?rest_route=%2Fwp%2Fv2%2Fmedia&parent=899"}],"wp:term":[{"taxonomy":"category","embeddable":true,"href":"https:\/\/www.vfl-grafenwald.de\/index.php?rest_route=%2Fwp%2Fv2%2Fcategories&post=899"},{"taxonomy":"post_tag","embeddable":true,"href":"https:\/\/www.vfl-grafenwald.de\/index.php?rest_route=%2Fwp%2Fv2%2Ftags&post=899"}],"curies":[{"name":"wp","href":"https:\/\/api.w.org\/{rel}","templated":true}]}}