{"id":887,"date":"2013-11-25T16:36:17","date_gmt":"2013-11-25T15:36:17","guid":{"rendered":"http:\/\/www.vfl-grafenwald.de\/?p=887"},"modified":"2013-11-25T16:36:54","modified_gmt":"2013-11-25T15:36:54","slug":"pokalhalbfinale-der-a-junioren-im-waldstadion","status":"publish","type":"post","link":"https:\/\/www.vfl-grafenwald.de\/?p=887","title":{"rendered":"Pokalhalbfinale der A-Junioren im Waldstadion"},"content":{"rendered":"<p>Am Donnerstag, 28. November treffen die A-Junioren des VfL Grafenwald auf die Mannschaft vom SV Zweckel. Wir d\u00fcrfen uns auf einen sportlichen Leckerbissen freuen, da der aktuelle Tabellenf\u00fchrer der Kreisliga B gegen den Zweiten der Kreisliga A um den Einzug in das Pokalfinale spielt. Ansto\u00df ist um 19 Uhr am Sensenfeld. Bereits eine Woche sp\u00e4ter (5. Dezember) wird das Endspiel stattfinden.<\/p>\n","protected":false},"excerpt":{"rendered":"<p>Am Donnerstag, 28. November treffen die A-Junioren des VfL Grafenwald auf die Mannschaft vom SV Zweckel. Wir d\u00fcrfen uns auf einen sportlichen Leckerbissen freuen, da der aktuelle Tabellenf\u00fchrer der Kreisliga B gegen den Zweiten der Kreisliga A um den Einzug &hellip; <a href=\"https:\/\/www.vfl-grafenwald.de\/?p=887\">Weiterlesen <span class=\"meta-nav\">&rarr;<\/span><\/a><\/p>\n","protected":false},"author":4,"featured_media":0,"comment_status":"closed","ping_status":"closed","sticky":false,"template":"","format":"standard","meta":{"footnotes":""},"categories":[4],"tags":[17,22],"class_list":["post-887","post","type-post","status-publish","format-standard","hentry","category-fussball","tag-fusball","tag-jugend"],"_links":{"self":[{"href":"https:\/\/www.vfl-grafenwald.de\/index.php?rest_route=\/wp\/v2\/posts\/887","targetHints":{"allow":["GET"]}}],"collection":[{"href":"https:\/\/www.vfl-grafenwald.de\/index.php?rest_route=\/wp\/v2\/posts"}],"about":[{"href":"https:\/\/www.vfl-grafenwald.de\/index.php?rest_route=\/wp\/v2\/types\/post"}],"author":[{"embeddable":true,"href":"https:\/\/www.vfl-grafenwald.de\/index.php?rest_route=\/wp\/v2\/users\/4"}],"replies":[{"embeddable":true,"href":"https:\/\/www.vfl-grafenwald.de\/index.php?rest_route=%2Fwp%2Fv2%2Fcomments&post=887"}],"version-history":[{"count":1,"href":"https:\/\/www.vfl-grafenwald.de\/index.php?rest_route=\/wp\/v2\/posts\/887\/revisions"}],"predecessor-version":[{"id":888,"href":"https:\/\/www.vfl-grafenwald.de\/index.php?rest_route=\/wp\/v2\/posts\/887\/revisions\/888"}],"wp:attachment":[{"href":"https:\/\/www.vfl-grafenwald.de\/index.php?rest_route=%2Fwp%2Fv2%2Fmedia&parent=887"}],"wp:term":[{"taxonomy":"category","embeddable":true,"href":"https:\/\/www.vfl-grafenwald.de\/index.php?rest_route=%2Fwp%2Fv2%2Fcategories&post=887"},{"taxonomy":"post_tag","embeddable":true,"href":"https:\/\/www.vfl-grafenwald.de\/index.php?rest_route=%2Fwp%2Fv2%2Ftags&post=887"}],"curies":[{"name":"wp","href":"https:\/\/api.w.org\/{rel}","templated":true}]}}