{"id":882,"date":"2013-11-25T16:34:59","date_gmt":"2013-11-25T15:34:59","guid":{"rendered":"http:\/\/www.vfl-grafenwald.de\/?p=882"},"modified":"2013-11-25T16:35:13","modified_gmt":"2013-11-25T15:35:13","slug":"fussball-jugend-e2-in-neuen-trikots-ein-dankeschoen-der-besonderen-art","status":"publish","type":"post","link":"https:\/\/www.vfl-grafenwald.de\/?p=882","title":{"rendered":"Fu\u00dfball-Jugend: E2 in neuen Trikots &#8211; Ein Dankesch\u00f6n der besonderen Art"},"content":{"rendered":"<p>Jahrelang ging Jonas in der Fu\u00dfballjugend des VfL Grafenwald seinem Lieblingssport nach. Aus schulischen Gr\u00fcnden wechselte er zum VfB Kirchhellen. Sein Vater, Markus Kaufmann, bedankte sich bei der Grafenw\u00e4lder E2-Mannschaft und den Trainern Hans-J\u00fcrgen und Jens Osenger f\u00fcr die gemeinsame Zeit auf eine ganz besondere Art und Weise: Er spendete Jonas\u2018 ehemaligen Teamkollegen einen Trikotsatz. \u201eEs ist nicht immer einfach, jemanden zu finden, der in die Jugend investiert\u201c, freute sich Hans-J\u00fcrgen Osenger \u00fcber dieses nicht allt\u00e4gliche Unterst\u00fctzung. Die Jugendabteilung des VfL Grafenwald bedankt sich ebenfalls herzlich bei Markus Kaufmann und w\u00fcnscht Jonas beim VfB Kirchhellen viel Spa\u00df und Erfolg.<\/p>\n<p><a href=\"http:\/\/www.vfl-grafenwald.de\/wp-content\/uploads\/2013\/11\/2013-11-E2-Trikotspende-01.jpg\"><img loading=\"lazy\" decoding=\"async\" src=\"http:\/\/www.vfl-grafenwald.de\/wp-content\/uploads\/2013\/11\/2013-11-E2-Trikotspende-01-300x200.jpg\" alt=\"2013-11 E2 Trikotspende 01\" width=\"300\" height=\"200\" class=\"alignnone size-medium wp-image-883\" srcset=\"https:\/\/www.vfl-grafenwald.de\/wp-content\/uploads\/2013\/11\/2013-11-E2-Trikotspende-01-300x200.jpg 300w, https:\/\/www.vfl-grafenwald.de\/wp-content\/uploads\/2013\/11\/2013-11-E2-Trikotspende-01-450x300.jpg 450w, https:\/\/www.vfl-grafenwald.de\/wp-content\/uploads\/2013\/11\/2013-11-E2-Trikotspende-01.jpg 960w\" sizes=\"auto, (max-width: 300px) 100vw, 300px\" \/><\/a><\/p>\n<p>Auf dem Bild, fotografiert von Tom Scheiker, sind neben der E2-Jugend Markus Kaufmann (Mitte) und E2-Jugendtrainer Hans-J\u00fcrgen Osenger zu sehen.<\/p>\n","protected":false},"excerpt":{"rendered":"<p>Jahrelang ging Jonas in der Fu\u00dfballjugend des VfL Grafenwald seinem Lieblingssport nach. Aus schulischen Gr\u00fcnden wechselte er zum VfB Kirchhellen. Sein Vater, Markus Kaufmann, bedankte sich bei der Grafenw\u00e4lder E2-Mannschaft und den Trainern Hans-J\u00fcrgen und Jens Osenger f\u00fcr die gemeinsame &hellip; <a href=\"https:\/\/www.vfl-grafenwald.de\/?p=882\">Weiterlesen <span class=\"meta-nav\">&rarr;<\/span><\/a><\/p>\n","protected":false},"author":4,"featured_media":0,"comment_status":"closed","ping_status":"closed","sticky":false,"template":"","format":"standard","meta":{"footnotes":""},"categories":[4],"tags":[17,22],"class_list":["post-882","post","type-post","status-publish","format-standard","hentry","category-fussball","tag-fusball","tag-jugend"],"_links":{"self":[{"href":"https:\/\/www.vfl-grafenwald.de\/index.php?rest_route=\/wp\/v2\/posts\/882","targetHints":{"allow":["GET"]}}],"collection":[{"href":"https:\/\/www.vfl-grafenwald.de\/index.php?rest_route=\/wp\/v2\/posts"}],"about":[{"href":"https:\/\/www.vfl-grafenwald.de\/index.php?rest_route=\/wp\/v2\/types\/post"}],"author":[{"embeddable":true,"href":"https:\/\/www.vfl-grafenwald.de\/index.php?rest_route=\/wp\/v2\/users\/4"}],"replies":[{"embeddable":true,"href":"https:\/\/www.vfl-grafenwald.de\/index.php?rest_route=%2Fwp%2Fv2%2Fcomments&post=882"}],"version-history":[{"count":3,"href":"https:\/\/www.vfl-grafenwald.de\/index.php?rest_route=\/wp\/v2\/posts\/882\/revisions"}],"predecessor-version":[{"id":886,"href":"https:\/\/www.vfl-grafenwald.de\/index.php?rest_route=\/wp\/v2\/posts\/882\/revisions\/886"}],"wp:attachment":[{"href":"https:\/\/www.vfl-grafenwald.de\/index.php?rest_route=%2Fwp%2Fv2%2Fmedia&parent=882"}],"wp:term":[{"taxonomy":"category","embeddable":true,"href":"https:\/\/www.vfl-grafenwald.de\/index.php?rest_route=%2Fwp%2Fv2%2Fcategories&post=882"},{"taxonomy":"post_tag","embeddable":true,"href":"https:\/\/www.vfl-grafenwald.de\/index.php?rest_route=%2Fwp%2Fv2%2Ftags&post=882"}],"curies":[{"name":"wp","href":"https:\/\/api.w.org\/{rel}","templated":true}]}}