{"id":872,"date":"2013-09-10T18:26:55","date_gmt":"2013-09-10T16:26:55","guid":{"rendered":"http:\/\/www.vfl-grafenwald.de\/?p=872"},"modified":"2013-09-10T18:27:09","modified_gmt":"2013-09-10T16:27:09","slug":"ele-junior-cup-endrundenspielplan","status":"publish","type":"post","link":"https:\/\/www.vfl-grafenwald.de\/?p=872","title":{"rendered":"ELE-Junior-Cup: Endrundenspielplan"},"content":{"rendered":"<p>Der Endrundenspielplan f\u00fcr den ELE-Junior-Cup steht fest. Unsere D-Jugend trifft am Samstag, 14. September auf die Teams von SV Zweckel, BV Rentfort und der SSV Buer II (Gruppe A). Die Gruppe B besteht aus SV Horst 08, SV Zweckel II, SSV Buer und SC Hassel an. Das Turnier, das vom SV Rhenania Bottrop ausgerichtet wird, beginnt um 10 Uhr Im Blankenfeld.<br \/>\nUnsere D-Junioren w\u00fcrden sich \u00fcber m\u00f6glichst viele und lautstarke Fans freuen.<\/p>\n<p>Hier die Spiele des VfL Grafenwald:<\/p>\n<p>10.23 Uhr: SSV Buer II<br \/>\n11.32 Uhr: SV Zweckel<br \/>\n13.04 Uhr: BV Rentfort<\/p>\n<p>Der Gruppenerste und -zweite qualifizieren sich f\u00fcr Halbfinal- und Finalspiele.<\/p>\n","protected":false},"excerpt":{"rendered":"<p>Der Endrundenspielplan f\u00fcr den ELE-Junior-Cup steht fest. Unsere D-Jugend trifft am Samstag, 14. September auf die Teams von SV Zweckel, BV Rentfort und der SSV Buer II (Gruppe A). Die Gruppe B besteht aus SV Horst 08, SV Zweckel II, &hellip; <a href=\"https:\/\/www.vfl-grafenwald.de\/?p=872\">Weiterlesen <span class=\"meta-nav\">&rarr;<\/span><\/a><\/p>\n","protected":false},"author":4,"featured_media":0,"comment_status":"closed","ping_status":"closed","sticky":false,"template":"","format":"standard","meta":{"footnotes":""},"categories":[4],"tags":[29,17,22],"class_list":["post-872","post","type-post","status-publish","format-standard","hentry","category-fussball","tag-ele-junior-cup","tag-fusball","tag-jugend"],"_links":{"self":[{"href":"https:\/\/www.vfl-grafenwald.de\/index.php?rest_route=\/wp\/v2\/posts\/872","targetHints":{"allow":["GET"]}}],"collection":[{"href":"https:\/\/www.vfl-grafenwald.de\/index.php?rest_route=\/wp\/v2\/posts"}],"about":[{"href":"https:\/\/www.vfl-grafenwald.de\/index.php?rest_route=\/wp\/v2\/types\/post"}],"author":[{"embeddable":true,"href":"https:\/\/www.vfl-grafenwald.de\/index.php?rest_route=\/wp\/v2\/users\/4"}],"replies":[{"embeddable":true,"href":"https:\/\/www.vfl-grafenwald.de\/index.php?rest_route=%2Fwp%2Fv2%2Fcomments&post=872"}],"version-history":[{"count":1,"href":"https:\/\/www.vfl-grafenwald.de\/index.php?rest_route=\/wp\/v2\/posts\/872\/revisions"}],"predecessor-version":[{"id":873,"href":"https:\/\/www.vfl-grafenwald.de\/index.php?rest_route=\/wp\/v2\/posts\/872\/revisions\/873"}],"wp:attachment":[{"href":"https:\/\/www.vfl-grafenwald.de\/index.php?rest_route=%2Fwp%2Fv2%2Fmedia&parent=872"}],"wp:term":[{"taxonomy":"category","embeddable":true,"href":"https:\/\/www.vfl-grafenwald.de\/index.php?rest_route=%2Fwp%2Fv2%2Fcategories&post=872"},{"taxonomy":"post_tag","embeddable":true,"href":"https:\/\/www.vfl-grafenwald.de\/index.php?rest_route=%2Fwp%2Fv2%2Ftags&post=872"}],"curies":[{"name":"wp","href":"https:\/\/api.w.org\/{rel}","templated":true}]}}