{"id":860,"date":"2013-08-25T13:02:41","date_gmt":"2013-08-25T11:02:41","guid":{"rendered":"http:\/\/www.vfl-grafenwald.de\/?p=860"},"modified":"2013-08-25T22:50:32","modified_gmt":"2013-08-25T20:50:32","slug":"nur-noch-wenige-stunden-bis-zum-woeller-fussball-camp","status":"publish","type":"post","link":"https:\/\/www.vfl-grafenwald.de\/?p=860","title":{"rendered":"Nur noch wenige Stunden bis zum W\u00f6ller Fu\u00dfball-Camp"},"content":{"rendered":"<p>Ab Dienstag, 27. August 2013, findet im Waldstadion am Sensenfeld das W\u00f6ller Fu\u00dfball-Camp statt. Vier Tage lang absolvieren Kinder und Jugendliche beim VfL Grafenwald zwei Trainingseinheiten pro Tag, nehmen gemeinsam das Mittagessen ein und erleben viele Stunden Spa\u00df und Spiel rund um Torschuss, Taktik und Teamgeist. Angepfiffen wird das Trainingslager um 10 Uhr; Mittagspause ist um 12 Uhr und Abpfiff der zweiten Trainingseinheit jeweils gegen 16 Uhr.<br \/>\nDas Camp ist eine gute Gelegenheit, die Fu\u00dfballjugendabteilung des VfL Grafenwald kennenzulernen, denn viele Mitarbeiter der W\u00f6ller Jugend stehen in diesen Tagen als Ansprechpartner zur Verf\u00fcgung. Auch \u201eZaung\u00e4ste\u201c sind nat\u00fcrlich herzlich willkommen; die Caf\u00e9teria steht w\u00e4hrend der Campzeiten allen Besuchern offen.<\/p>\n","protected":false},"excerpt":{"rendered":"<p>Ab Dienstag, 27. August 2013, findet im Waldstadion am Sensenfeld das W\u00f6ller Fu\u00dfball-Camp statt. Vier Tage lang absolvieren Kinder und Jugendliche beim VfL Grafenwald zwei Trainingseinheiten pro Tag, nehmen gemeinsam das Mittagessen ein und erleben viele Stunden Spa\u00df und Spiel &hellip; <a href=\"https:\/\/www.vfl-grafenwald.de\/?p=860\">Weiterlesen <span class=\"meta-nav\">&rarr;<\/span><\/a><\/p>\n","protected":false},"author":4,"featured_media":0,"comment_status":"closed","ping_status":"closed","sticky":false,"template":"","format":"standard","meta":{"footnotes":""},"categories":[1],"tags":[],"class_list":["post-860","post","type-post","status-publish","format-standard","hentry","category-verein"],"_links":{"self":[{"href":"https:\/\/www.vfl-grafenwald.de\/index.php?rest_route=\/wp\/v2\/posts\/860","targetHints":{"allow":["GET"]}}],"collection":[{"href":"https:\/\/www.vfl-grafenwald.de\/index.php?rest_route=\/wp\/v2\/posts"}],"about":[{"href":"https:\/\/www.vfl-grafenwald.de\/index.php?rest_route=\/wp\/v2\/types\/post"}],"author":[{"embeddable":true,"href":"https:\/\/www.vfl-grafenwald.de\/index.php?rest_route=\/wp\/v2\/users\/4"}],"replies":[{"embeddable":true,"href":"https:\/\/www.vfl-grafenwald.de\/index.php?rest_route=%2Fwp%2Fv2%2Fcomments&post=860"}],"version-history":[{"count":1,"href":"https:\/\/www.vfl-grafenwald.de\/index.php?rest_route=\/wp\/v2\/posts\/860\/revisions"}],"predecessor-version":[{"id":861,"href":"https:\/\/www.vfl-grafenwald.de\/index.php?rest_route=\/wp\/v2\/posts\/860\/revisions\/861"}],"wp:attachment":[{"href":"https:\/\/www.vfl-grafenwald.de\/index.php?rest_route=%2Fwp%2Fv2%2Fmedia&parent=860"}],"wp:term":[{"taxonomy":"category","embeddable":true,"href":"https:\/\/www.vfl-grafenwald.de\/index.php?rest_route=%2Fwp%2Fv2%2Fcategories&post=860"},{"taxonomy":"post_tag","embeddable":true,"href":"https:\/\/www.vfl-grafenwald.de\/index.php?rest_route=%2Fwp%2Fv2%2Ftags&post=860"}],"curies":[{"name":"wp","href":"https:\/\/api.w.org\/{rel}","templated":true}]}}