{"id":856,"date":"2013-08-25T10:46:41","date_gmt":"2013-08-25T08:46:41","guid":{"rendered":"http:\/\/www.vfl-grafenwald.de\/?p=856"},"modified":"2013-08-25T11:08:16","modified_gmt":"2013-08-25T09:08:16","slug":"fussballjugend-a-jugend-mit-neuen-trikots","status":"publish","type":"post","link":"https:\/\/www.vfl-grafenwald.de\/?p=856","title":{"rendered":"Fu\u00dfballjugend: A-Jugend mit neuen Trikots"},"content":{"rendered":"<p><a href=\"http:\/\/www.vfl-grafenwald.de\/wp-content\/uploads\/2013\/08\/2013-08-21-Amanda-05.jpg\"><img loading=\"lazy\" decoding=\"async\" src=\"http:\/\/www.vfl-grafenwald.de\/wp-content\/uploads\/2013\/08\/2013-08-21-Amanda-05-300x225.jpg\" alt=\"2013-08-21 Amanda 05\" width=\"300\" height=\"225\" class=\"alignnone size-medium wp-image-857\" srcset=\"https:\/\/www.vfl-grafenwald.de\/wp-content\/uploads\/2013\/08\/2013-08-21-Amanda-05-300x225.jpg 300w, https:\/\/www.vfl-grafenwald.de\/wp-content\/uploads\/2013\/08\/2013-08-21-Amanda-05-1024x768.jpg 1024w, https:\/\/www.vfl-grafenwald.de\/wp-content\/uploads\/2013\/08\/2013-08-21-Amanda-05-400x300.jpg 400w\" sizes=\"auto, (max-width: 300px) 100vw, 300px\" \/><\/a><\/p>\n<p>P\u00fcnktlich zum Auftakt der neuen Saison pr\u00e4sentiert sich die A-Jugend des VfL Grafenwald mit neuen Trikots. Der Jugendvorstand der Fu\u00dfballabteilung bedankt sich herzlich f\u00fcr die gro\u00dfz\u00fcgige Unterst\u00fctzung der <a href=\"http:\/\/pizzeriaamanda.de\/\">Pizzeria Amanda<\/a> an der Horster Stra\u00dfe in Bottrop-Boy.<\/p>\n","protected":false},"excerpt":{"rendered":"<p>P\u00fcnktlich zum Auftakt der neuen Saison pr\u00e4sentiert sich die A-Jugend des VfL Grafenwald mit neuen Trikots. Der Jugendvorstand der Fu\u00dfballabteilung bedankt sich herzlich f\u00fcr die gro\u00dfz\u00fcgige Unterst\u00fctzung der Pizzeria Amanda an der Horster Stra\u00dfe in Bottrop-Boy.<\/p>\n","protected":false},"author":4,"featured_media":0,"comment_status":"closed","ping_status":"closed","sticky":false,"template":"","format":"standard","meta":{"footnotes":""},"categories":[4],"tags":[],"class_list":["post-856","post","type-post","status-publish","format-standard","hentry","category-fussball"],"_links":{"self":[{"href":"https:\/\/www.vfl-grafenwald.de\/index.php?rest_route=\/wp\/v2\/posts\/856","targetHints":{"allow":["GET"]}}],"collection":[{"href":"https:\/\/www.vfl-grafenwald.de\/index.php?rest_route=\/wp\/v2\/posts"}],"about":[{"href":"https:\/\/www.vfl-grafenwald.de\/index.php?rest_route=\/wp\/v2\/types\/post"}],"author":[{"embeddable":true,"href":"https:\/\/www.vfl-grafenwald.de\/index.php?rest_route=\/wp\/v2\/users\/4"}],"replies":[{"embeddable":true,"href":"https:\/\/www.vfl-grafenwald.de\/index.php?rest_route=%2Fwp%2Fv2%2Fcomments&post=856"}],"version-history":[{"count":2,"href":"https:\/\/www.vfl-grafenwald.de\/index.php?rest_route=\/wp\/v2\/posts\/856\/revisions"}],"predecessor-version":[{"id":859,"href":"https:\/\/www.vfl-grafenwald.de\/index.php?rest_route=\/wp\/v2\/posts\/856\/revisions\/859"}],"wp:attachment":[{"href":"https:\/\/www.vfl-grafenwald.de\/index.php?rest_route=%2Fwp%2Fv2%2Fmedia&parent=856"}],"wp:term":[{"taxonomy":"category","embeddable":true,"href":"https:\/\/www.vfl-grafenwald.de\/index.php?rest_route=%2Fwp%2Fv2%2Fcategories&post=856"},{"taxonomy":"post_tag","embeddable":true,"href":"https:\/\/www.vfl-grafenwald.de\/index.php?rest_route=%2Fwp%2Fv2%2Ftags&post=856"}],"curies":[{"name":"wp","href":"https:\/\/api.w.org\/{rel}","templated":true}]}}