{"id":828,"date":"2013-06-12T13:11:44","date_gmt":"2013-06-12T11:11:44","guid":{"rendered":"http:\/\/www.vfl-grafenwald.de\/?p=828"},"modified":"2013-07-10T13:55:14","modified_gmt":"2013-07-10T11:55:14","slug":"jugendfusball-c-jugend-feiert-den-kreisliga-a-aufstieg","status":"publish","type":"post","link":"https:\/\/www.vfl-grafenwald.de\/?p=828","title":{"rendered":"Jugendfu\u00dfball: C-Jugend feiert den Kreisliga A-Aufstieg"},"content":{"rendered":"<p><a href=\"http:\/\/www.vfl-grafenwald.de\/wp-content\/uploads\/2013\/06\/2013-Aufstieg-VfL-Grafenwald-C-Jugend.jpg\"><img loading=\"lazy\" decoding=\"async\" src=\"http:\/\/www.vfl-grafenwald.de\/wp-content\/uploads\/2013\/06\/2013-Aufstieg-VfL-Grafenwald-C-Jugend-300x141.jpg\" alt=\"2013 Aufstieg VfL Grafenwald C-Jugend\" width=\"300\" height=\"141\" class=\"alignnone size-medium wp-image-829\" srcset=\"https:\/\/www.vfl-grafenwald.de\/wp-content\/uploads\/2013\/06\/2013-Aufstieg-VfL-Grafenwald-C-Jugend-300x141.jpg 300w, https:\/\/www.vfl-grafenwald.de\/wp-content\/uploads\/2013\/06\/2013-Aufstieg-VfL-Grafenwald-C-Jugend-1024x482.jpg 1024w, https:\/\/www.vfl-grafenwald.de\/wp-content\/uploads\/2013\/06\/2013-Aufstieg-VfL-Grafenwald-C-Jugend-500x235.jpg 500w\" sizes=\"auto, (max-width: 300px) 100vw, 300px\" \/><\/a><\/p>\n<p>Die C-Jugend des VfL Grafenwald machte in ihrem letzten Spiel die Meisterschaft perfekt und steigt somit zur neuen Saison in die Kreisjugendliga A auf. Das Team um das Trainergespann Ludger Husmann, Tim Strohmeier und Christoph Kr\u00e4mer hat die nahezu perfekte Saison mit einem kr\u00f6nenden Abschluss beendet und ist verdient Meister geworden. Nur zwei Niederlagen hatte der VfL in der abgelaufenen Spielzeit zu verbuchen. In ihren siegreichen Spielen, die zum Teil auch sehr deutlich ausfielen, traten die Grafenww\u00e4lder sehr souver\u00e4n auf und \u00fcberzeugten mit sch\u00f6nem Jugendfu\u00dfball.<\/p>\n<p>Im letzten und entscheidenden Spiel am Dienstagabend gewann der VfL-Nachwuchs gegen die C3-Jugend des SV Horst 08 mit 3:1. Nach dem erl\u00f6senden Schlusspfiff lie\u00dfen die Spieler die Korken knallen und die Sektdusche f\u00fcr Trainer und Spieler blieb nicht aus.<\/p>\n<p>\u201eWir haben \u00fcber die gesamte Saison eine konstante Leistung abgerufen, mit sehr sch\u00f6nen Spielen, die jeden Trainer erfreuen d\u00fcrften. Wir sind m\u00e4chtig stolz auf diese Truppe, sie hat sich diesen Abschluss hoch verdient. Nun m\u00fcssen wir gucken, dass wir f\u00fcr die kommende Spielzeit die eine oder andere sportliche Verst\u00e4rkung bekommen, um den Kader weiter aufzustocken und in der h\u00f6heren Spielklasse gut mithalten zu k\u00f6nnen\u201c, lautete das Fazit von Trainer Tim Strohmeier.<\/p>\n","protected":false},"excerpt":{"rendered":"<p>Die C-Jugend des VfL Grafenwald machte in ihrem letzten Spiel die Meisterschaft perfekt und steigt somit zur neuen Saison in die Kreisjugendliga A auf. Das Team um das Trainergespann Ludger Husmann, Tim Strohmeier und Christoph Kr\u00e4mer hat die nahezu perfekte &hellip; <a href=\"https:\/\/www.vfl-grafenwald.de\/?p=828\">Weiterlesen <span class=\"meta-nav\">&rarr;<\/span><\/a><\/p>\n","protected":false},"author":4,"featured_media":0,"comment_status":"closed","ping_status":"closed","sticky":false,"template":"","format":"standard","meta":{"footnotes":""},"categories":[4],"tags":[],"class_list":["post-828","post","type-post","status-publish","format-standard","hentry","category-fussball"],"_links":{"self":[{"href":"https:\/\/www.vfl-grafenwald.de\/index.php?rest_route=\/wp\/v2\/posts\/828","targetHints":{"allow":["GET"]}}],"collection":[{"href":"https:\/\/www.vfl-grafenwald.de\/index.php?rest_route=\/wp\/v2\/posts"}],"about":[{"href":"https:\/\/www.vfl-grafenwald.de\/index.php?rest_route=\/wp\/v2\/types\/post"}],"author":[{"embeddable":true,"href":"https:\/\/www.vfl-grafenwald.de\/index.php?rest_route=\/wp\/v2\/users\/4"}],"replies":[{"embeddable":true,"href":"https:\/\/www.vfl-grafenwald.de\/index.php?rest_route=%2Fwp%2Fv2%2Fcomments&post=828"}],"version-history":[{"count":7,"href":"https:\/\/www.vfl-grafenwald.de\/index.php?rest_route=\/wp\/v2\/posts\/828\/revisions"}],"predecessor-version":[{"id":836,"href":"https:\/\/www.vfl-grafenwald.de\/index.php?rest_route=\/wp\/v2\/posts\/828\/revisions\/836"}],"wp:attachment":[{"href":"https:\/\/www.vfl-grafenwald.de\/index.php?rest_route=%2Fwp%2Fv2%2Fmedia&parent=828"}],"wp:term":[{"taxonomy":"category","embeddable":true,"href":"https:\/\/www.vfl-grafenwald.de\/index.php?rest_route=%2Fwp%2Fv2%2Fcategories&post=828"},{"taxonomy":"post_tag","embeddable":true,"href":"https:\/\/www.vfl-grafenwald.de\/index.php?rest_route=%2Fwp%2Fv2%2Ftags&post=828"}],"curies":[{"name":"wp","href":"https:\/\/api.w.org\/{rel}","templated":true}]}}