{"id":821,"date":"2013-05-31T15:03:22","date_gmt":"2013-05-31T13:03:22","guid":{"rendered":"http:\/\/www.vfl-grafenwald.de\/?p=821"},"modified":"2013-05-31T15:03:22","modified_gmt":"2013-05-31T13:03:22","slug":"happy-birthday-vfl-grafenwald","status":"publish","type":"post","link":"https:\/\/www.vfl-grafenwald.de\/?p=821","title":{"rendered":"Happy Birthday VfL Grafenwald!"},"content":{"rendered":"<p>Gegr\u00fcndet wurde der VfL im Jahre 1928. Nach der Aufl\u00f6sung des Vereins durch die NS-Beh\u00f6rden im Jahre 1934 wurde der Verein am 31.05.1968 von 37 Personen neu gegr\u00fcndet.<br \/>\nWir feiern also heute den 45. Geburtstag. An dieser Stelle ein gro\u00dfes Dankesch\u00f6n an alle Mitglieder, Sponsoren und ehrenamtliche Helfer &#8211; ohne Euch w\u00e4re der Verein nicht soweit gekommen.<\/p>\n","protected":false},"excerpt":{"rendered":"<p>Gegr\u00fcndet wurde der VfL im Jahre 1928. Nach der Aufl\u00f6sung des Vereins durch die NS-Beh\u00f6rden im Jahre 1934 wurde der Verein am 31.05.1968 von 37 Personen neu gegr\u00fcndet. Wir feiern also heute den 45. Geburtstag. An dieser Stelle ein gro\u00dfes &hellip; <a href=\"https:\/\/www.vfl-grafenwald.de\/?p=821\">Weiterlesen <span class=\"meta-nav\">&rarr;<\/span><\/a><\/p>\n","protected":false},"author":1,"featured_media":0,"comment_status":"closed","ping_status":"closed","sticky":false,"template":"","format":"standard","meta":{"footnotes":""},"categories":[1],"tags":[45],"class_list":["post-821","post","type-post","status-publish","format-standard","hentry","category-verein","tag-vereinsgrundung"],"_links":{"self":[{"href":"https:\/\/www.vfl-grafenwald.de\/index.php?rest_route=\/wp\/v2\/posts\/821","targetHints":{"allow":["GET"]}}],"collection":[{"href":"https:\/\/www.vfl-grafenwald.de\/index.php?rest_route=\/wp\/v2\/posts"}],"about":[{"href":"https:\/\/www.vfl-grafenwald.de\/index.php?rest_route=\/wp\/v2\/types\/post"}],"author":[{"embeddable":true,"href":"https:\/\/www.vfl-grafenwald.de\/index.php?rest_route=\/wp\/v2\/users\/1"}],"replies":[{"embeddable":true,"href":"https:\/\/www.vfl-grafenwald.de\/index.php?rest_route=%2Fwp%2Fv2%2Fcomments&post=821"}],"version-history":[{"count":1,"href":"https:\/\/www.vfl-grafenwald.de\/index.php?rest_route=\/wp\/v2\/posts\/821\/revisions"}],"predecessor-version":[{"id":822,"href":"https:\/\/www.vfl-grafenwald.de\/index.php?rest_route=\/wp\/v2\/posts\/821\/revisions\/822"}],"wp:attachment":[{"href":"https:\/\/www.vfl-grafenwald.de\/index.php?rest_route=%2Fwp%2Fv2%2Fmedia&parent=821"}],"wp:term":[{"taxonomy":"category","embeddable":true,"href":"https:\/\/www.vfl-grafenwald.de\/index.php?rest_route=%2Fwp%2Fv2%2Fcategories&post=821"},{"taxonomy":"post_tag","embeddable":true,"href":"https:\/\/www.vfl-grafenwald.de\/index.php?rest_route=%2Fwp%2Fv2%2Ftags&post=821"}],"curies":[{"name":"wp","href":"https:\/\/api.w.org\/{rel}","templated":true}]}}