{"id":794,"date":"2013-04-18T14:04:29","date_gmt":"2013-04-18T12:04:29","guid":{"rendered":"http:\/\/www.vfl-grafenwald.de\/?p=794"},"modified":"2013-06-01T19:21:18","modified_gmt":"2013-06-01T17:21:18","slug":"jugendfusball-meisterschaftsspiele-im-uberblick","status":"publish","type":"post","link":"https:\/\/www.vfl-grafenwald.de\/?p=794","title":{"rendered":"Jugendfu\u00dfball: Meisterschaftsspiele im \u00dcberblick"},"content":{"rendered":"<p>Grafenw\u00e4lder A- und C-Jugend weiter auf Aufstiegskurs<\/p>\n<p>Die A- und C-Jugend des VfL Grafenwald untermauerten am Wochenende ihre Ambitionen auf einen Kreisliga A-Aufstieg mit deutlichen Siegen. Derzeit hat die A-Jugend zwei Punkte Vorsprung auf den Zweiten, Wacker Gladbeck. Die C-Junioren liegen sogar sechs Punkte vor dem n\u00e4chsten Verfolger.<\/p>\n<p>Die B-Jugend musste sich im Derby gegen den VfB Kirchhellen mit 0:2 geschlagen geben, zeigte aber eine vor allem k\u00e4mpferisch hervorragende Leistung. Keeper Nicolas Brandhorst war nur durch zwei Strafst\u00f6\u00dfe zu \u00fcberwinden. Nichtsdestotrotz geht der Sieg f\u00fcr Kirchhellen in Ordnung. Die D1-Jugend war in der vergangenen Woche gleich zwei Mal am Start und verlor beide Begegnungen knapp mit 0:1. Besser lief es f\u00fcr die D2, die sich mit 2:1 bei Preu\u00dfen Gladbeck II erfolgreich war.<\/p>\n<p>In einem torreichen Spiel unterlag die E1 bei Adler Feldmark; die E2 setzte sich an gleicher Stelle mit 6:2 durch. Unter Wert geschlagen wurde die F-Jugend, die beim SSV Buer viel Pech im Abschluss hatte.<\/p>\n<p>Die U17-Juniorinnen kletterten durch zwei Siege gegen Firtinaspor Wanne auf den siebten Tabellenplatz der Kreisliga A Gelsenkirchen\/Herne. Die U13 war am Wochenende spielfrei.<\/p>\n<p>VfL Grafenwald Fu\u00dfballjugend: Schwarz-Blau Gladbeck \u2013 VfL A-Jugend 1:6 (0:2, Torsch\u00fctzen), VfL B-Jugend \u2013 VfB Kirchhellen 0:2 (0:2), VfL C-Jugend \u2013 FC Gladbeck 10:2 (4:1), VfL D1-Jugend \u2013 SSV Buer 0:1 (0:0), SV Horst-Emscher III &#8211; VfL Grafenwald 1:0 (0:0), Pre\u00dfen Gladbeck II &#8211; VfL D2-Jugend 1:2 (0:2, Luca Fabio Schumann, Philipp Leone Pereira Cordeiro), DJK Adler Feldmark &#8211; VfL E1-Jugend 6:4 (2:1), DJK Adler Feldmark II &#8211; VfL E2-Jugend 2:6 (1:2), SSV Buer &#8211; VfL F-Jugend 4:0 (1:0), SuS 05 Beckhausen &#8211; VfL G-Jugend 4:6 (2:2), VfL U17-Juniorinnen \u2013 Firtinaspor Wanne 4:1 (3:1), Firtinaspor Wanne &#8211; VfL U17-Juniorinnen 0:3 (0:2), VfL U13-Juniorinnen spielfrei<\/p>\n","protected":false},"excerpt":{"rendered":"<p>Grafenw\u00e4lder A- und C-Jugend weiter auf Aufstiegskurs Die A- und C-Jugend des VfL Grafenwald untermauerten am Wochenende ihre Ambitionen auf einen Kreisliga A-Aufstieg mit deutlichen Siegen. Derzeit hat die A-Jugend zwei Punkte Vorsprung auf den Zweiten, Wacker Gladbeck. Die C-Junioren &hellip; <a href=\"https:\/\/www.vfl-grafenwald.de\/?p=794\">Weiterlesen <span class=\"meta-nav\">&rarr;<\/span><\/a><\/p>\n","protected":false},"author":4,"featured_media":0,"comment_status":"closed","ping_status":"closed","sticky":false,"template":"","format":"standard","meta":{"footnotes":""},"categories":[4],"tags":[22,44],"class_list":["post-794","post","type-post","status-publish","format-standard","hentry","category-fussball","tag-jugend","tag-meisterschaft"],"_links":{"self":[{"href":"https:\/\/www.vfl-grafenwald.de\/index.php?rest_route=\/wp\/v2\/posts\/794","targetHints":{"allow":["GET"]}}],"collection":[{"href":"https:\/\/www.vfl-grafenwald.de\/index.php?rest_route=\/wp\/v2\/posts"}],"about":[{"href":"https:\/\/www.vfl-grafenwald.de\/index.php?rest_route=\/wp\/v2\/types\/post"}],"author":[{"embeddable":true,"href":"https:\/\/www.vfl-grafenwald.de\/index.php?rest_route=\/wp\/v2\/users\/4"}],"replies":[{"embeddable":true,"href":"https:\/\/www.vfl-grafenwald.de\/index.php?rest_route=%2Fwp%2Fv2%2Fcomments&post=794"}],"version-history":[{"count":7,"href":"https:\/\/www.vfl-grafenwald.de\/index.php?rest_route=\/wp\/v2\/posts\/794\/revisions"}],"predecessor-version":[{"id":827,"href":"https:\/\/www.vfl-grafenwald.de\/index.php?rest_route=\/wp\/v2\/posts\/794\/revisions\/827"}],"wp:attachment":[{"href":"https:\/\/www.vfl-grafenwald.de\/index.php?rest_route=%2Fwp%2Fv2%2Fmedia&parent=794"}],"wp:term":[{"taxonomy":"category","embeddable":true,"href":"https:\/\/www.vfl-grafenwald.de\/index.php?rest_route=%2Fwp%2Fv2%2Fcategories&post=794"},{"taxonomy":"post_tag","embeddable":true,"href":"https:\/\/www.vfl-grafenwald.de\/index.php?rest_route=%2Fwp%2Fv2%2Ftags&post=794"}],"curies":[{"name":"wp","href":"https:\/\/api.w.org\/{rel}","templated":true}]}}