{"id":631,"date":"2013-02-14T09:32:39","date_gmt":"2013-02-14T08:32:39","guid":{"rendered":"http:\/\/www.vfl-grafenwald.de\/?p=631"},"modified":"2013-02-26T11:12:07","modified_gmt":"2013-02-26T10:12:07","slug":"einladung-zur-abteilungsversammlung-2013-der-abteilung-fusball","status":"publish","type":"post","link":"https:\/\/www.vfl-grafenwald.de\/?p=631","title":{"rendered":"Einladung zur Abteilungsversammlung 2013 der Abteilung Fu\u00dfball"},"content":{"rendered":"<p>Einladung zur Abteilungsversammlung 2013 der Abteilung Fu\u00dfball<\/p>\n<p>Sehr geehrte Damen und Herren, liebe Jugendliche, liebe Sportlerinnen und Sportler,<\/p>\n<p>gem\u00e4\u00df unserer Satzung laden wir Sie hiermit sehr herzlich zu unserer diesj\u00e4hrigen Abteilungsversammlung ein, die am<\/p>\n<p>15. M\u00e4rz 2013 um 19:00 Uhr<br \/>\nim Jugend- und Vereinsheim am Sensenfeld in Grafenwald<\/p>\n<p>stattfindet. Wir haben unter anderem folgende Themen f\u00fcr die Versammlung vorgesehen:<\/p>\n<p>Ehrungen der Gr\u00fcndungsmitglieder zum 45 j\u00e4hrigen Bestehen des VfL<br \/>\nEntlastung des gesamten Vorstands gem. beiliegender Tagesordnung<br \/>\nTermine f\u00fcr das Jahr 2013<br \/>\nGeselliger Ausklang mit Getr\u00e4nken und Snacks zu kleinen Preisen<\/p>\n<p>Wir w\u00fcrden wir uns sehr freuen, wenn wir Sie an diesem Abend begr\u00fc\u00dfen d\u00fcrfen.<\/p>\n<p>Wichtig: \u00c4nderungs- und\/oder Erg\u00e4nzungsantr\u00e4ge zur Tagesordnung m\u00fcssen sp\u00e4testens sechs (6) Tage vor der Veranstaltung beim Abteilungsvorstand eingehen. <\/p>\n<p>Mit sportlichen Gr\u00fc\u00dfen<\/p>\n<p>Uwe Bromkamp \/ Sabrina Kaffee<br \/>\nAbteilungsvorstand Fu\u00dfball<\/p>\n<p>Vorschlag zur Tagesordnung:<\/p>\n<p>TOP 1\tEr\u00f6ffnung und Begr\u00fc\u00dfung<br \/>\nTOP 2\tWahl\/Bestellung eines Versammlungsleiters<br \/>\nTOP 3\tWahl\/Bestellung eines Protokollf\u00fchrers<br \/>\nTOP 4\tFeststellungen der ordnungsgem\u00e4\u00dfen Einberufung, der Beschlussf\u00e4higkeit<br \/>\nTOP 5\tBeschlussfassung \u00fcber eingereichte Antr\u00e4ge<br \/>\nTOP 6\tBeschlussfassung zum Protokoll der letzten Abteilungsversammlung<br \/>\nTOP 7\tEhrungen<br \/>\nTOP 8\tVerlesen der Jahresberichte<br \/>\nAbteilungsleiter (Senioren- und Jugendabteilung),<br \/>\nKassierer (Senioren- und Jugendabteilung),<br \/>\nKassenpr\u00fcfer (Senioren- und Jugendabteilung),<br \/>\nTOP 9\tBeschlussfassung \u00fcber die Entlastung des Vorstandes<br \/>\nTOP 10\tVerschiedenes<br \/>\nTOP 11\tgem\u00fctlicher Ausklang<\/p>\n","protected":false},"excerpt":{"rendered":"<p>Einladung zur Abteilungsversammlung 2013 der Abteilung Fu\u00dfball Sehr geehrte Damen und Herren, liebe Jugendliche, liebe Sportlerinnen und Sportler, gem\u00e4\u00df unserer Satzung laden wir Sie hiermit sehr herzlich zu unserer diesj\u00e4hrigen Abteilungsversammlung ein, die am 15. M\u00e4rz 2013 um 19:00 Uhr &hellip; <a href=\"https:\/\/www.vfl-grafenwald.de\/?p=631\">Weiterlesen <span class=\"meta-nav\">&rarr;<\/span><\/a><\/p>\n","protected":false},"author":4,"featured_media":0,"comment_status":"closed","ping_status":"open","sticky":false,"template":"","format":"standard","meta":{"footnotes":""},"categories":[4],"tags":[],"class_list":["post-631","post","type-post","status-publish","format-standard","hentry","category-fussball"],"_links":{"self":[{"href":"https:\/\/www.vfl-grafenwald.de\/index.php?rest_route=\/wp\/v2\/posts\/631","targetHints":{"allow":["GET"]}}],"collection":[{"href":"https:\/\/www.vfl-grafenwald.de\/index.php?rest_route=\/wp\/v2\/posts"}],"about":[{"href":"https:\/\/www.vfl-grafenwald.de\/index.php?rest_route=\/wp\/v2\/types\/post"}],"author":[{"embeddable":true,"href":"https:\/\/www.vfl-grafenwald.de\/index.php?rest_route=\/wp\/v2\/users\/4"}],"replies":[{"embeddable":true,"href":"https:\/\/www.vfl-grafenwald.de\/index.php?rest_route=%2Fwp%2Fv2%2Fcomments&post=631"}],"version-history":[{"count":7,"href":"https:\/\/www.vfl-grafenwald.de\/index.php?rest_route=\/wp\/v2\/posts\/631\/revisions"}],"predecessor-version":[{"id":712,"href":"https:\/\/www.vfl-grafenwald.de\/index.php?rest_route=\/wp\/v2\/posts\/631\/revisions\/712"}],"wp:attachment":[{"href":"https:\/\/www.vfl-grafenwald.de\/index.php?rest_route=%2Fwp%2Fv2%2Fmedia&parent=631"}],"wp:term":[{"taxonomy":"category","embeddable":true,"href":"https:\/\/www.vfl-grafenwald.de\/index.php?rest_route=%2Fwp%2Fv2%2Fcategories&post=631"},{"taxonomy":"post_tag","embeddable":true,"href":"https:\/\/www.vfl-grafenwald.de\/index.php?rest_route=%2Fwp%2Fv2%2Ftags&post=631"}],"curies":[{"name":"wp","href":"https:\/\/api.w.org\/{rel}","templated":true}]}}