{"id":628,"date":"2013-02-13T11:11:20","date_gmt":"2013-02-13T10:11:20","guid":{"rendered":"http:\/\/www.vfl-grafenwald.de\/?p=628"},"modified":"2013-02-26T11:12:07","modified_gmt":"2013-02-26T10:12:07","slug":"einladung-zum-jugendtag-der-abteilung-fusball","status":"publish","type":"post","link":"https:\/\/www.vfl-grafenwald.de\/?p=628","title":{"rendered":"Einladung zum Jugendtag der Abteilung Fu\u00dfball"},"content":{"rendered":"<p>An alle jugendlichen Mitglieder, deren Erziehungsberechtigte,<br \/>\nTrainer und Betreuer der Jugendmannschaften<br \/>\nsowie die Mitglieder des Vorstandes und des Jugendausschusses<br \/>\nder Fu\u00dfballabteilung<\/p>\n<p>Einladung zum Jugendtag der Abteilung Fu\u00dfball<br \/>\nam Freitag, 22. Februar 2013 um 19:30 Uhr<br \/>\nim Vereinsheim Sensenfeld 96, 46244 Bottrop<\/p>\n<p>Tagesordnung<br \/>\n1. Er\u00f6ffnung des Jugendtages durch den Jugendwart<br \/>\n2. Beschlussfassung der Tagesordnung<br \/>\n3. Verlesen der Niederschrift vom 24.02.2012<br \/>\n4. Bericht des Jugendausschusses<br \/>\n5. Bericht des Kassierers<br \/>\n6. Bericht der Kassenpr\u00fcfer<br \/>\n7. Entlastung des Jugendausschusses<br \/>\n8. Best\u00e4tigung der Jugenddelegierten zum Jugendausschuss VFL Grafenwald<br \/>\n9. Beschlussfassung \u00fcber vorliegende Antr\u00e4ge<br \/>\n10. Aussprache \/ Sonstiges<br \/>\n11. Schlie\u00dfung des Jugendtages<br \/>\nAntr\u00e4ge au\u00dferhalb der Tagesordnung m\u00fcssen dem Jugendausschuss<br \/>\nsp\u00e4testens sechs Tage vor der Versammlung in schriftlicher Form vorliegen.<\/p>\n<p>f\u00fcr den Fachjugendausschuss<br \/>\nLudger Lanfermann<br \/>\n(Jugendwart)<\/p>\n","protected":false},"excerpt":{"rendered":"<p>An alle jugendlichen Mitglieder, deren Erziehungsberechtigte, Trainer und Betreuer der Jugendmannschaften sowie die Mitglieder des Vorstandes und des Jugendausschusses der Fu\u00dfballabteilung Einladung zum Jugendtag der Abteilung Fu\u00dfball am Freitag, 22. Februar 2013 um 19:30 Uhr im Vereinsheim Sensenfeld 96, 46244 &hellip; <a href=\"https:\/\/www.vfl-grafenwald.de\/?p=628\">Weiterlesen <span class=\"meta-nav\">&rarr;<\/span><\/a><\/p>\n","protected":false},"author":4,"featured_media":0,"comment_status":"closed","ping_status":"open","sticky":false,"template":"","format":"standard","meta":{"footnotes":""},"categories":[4],"tags":[],"class_list":["post-628","post","type-post","status-publish","format-standard","hentry","category-fussball"],"_links":{"self":[{"href":"https:\/\/www.vfl-grafenwald.de\/index.php?rest_route=\/wp\/v2\/posts\/628","targetHints":{"allow":["GET"]}}],"collection":[{"href":"https:\/\/www.vfl-grafenwald.de\/index.php?rest_route=\/wp\/v2\/posts"}],"about":[{"href":"https:\/\/www.vfl-grafenwald.de\/index.php?rest_route=\/wp\/v2\/types\/post"}],"author":[{"embeddable":true,"href":"https:\/\/www.vfl-grafenwald.de\/index.php?rest_route=\/wp\/v2\/users\/4"}],"replies":[{"embeddable":true,"href":"https:\/\/www.vfl-grafenwald.de\/index.php?rest_route=%2Fwp%2Fv2%2Fcomments&post=628"}],"version-history":[{"count":4,"href":"https:\/\/www.vfl-grafenwald.de\/index.php?rest_route=\/wp\/v2\/posts\/628\/revisions"}],"predecessor-version":[{"id":713,"href":"https:\/\/www.vfl-grafenwald.de\/index.php?rest_route=\/wp\/v2\/posts\/628\/revisions\/713"}],"wp:attachment":[{"href":"https:\/\/www.vfl-grafenwald.de\/index.php?rest_route=%2Fwp%2Fv2%2Fmedia&parent=628"}],"wp:term":[{"taxonomy":"category","embeddable":true,"href":"https:\/\/www.vfl-grafenwald.de\/index.php?rest_route=%2Fwp%2Fv2%2Fcategories&post=628"},{"taxonomy":"post_tag","embeddable":true,"href":"https:\/\/www.vfl-grafenwald.de\/index.php?rest_route=%2Fwp%2Fv2%2Ftags&post=628"}],"curies":[{"name":"wp","href":"https:\/\/api.w.org\/{rel}","templated":true}]}}