{"id":517,"date":"2012-11-16T17:20:47","date_gmt":"2012-11-16T16:20:47","guid":{"rendered":"http:\/\/www.vfl-grafenwald.de\/?p=517"},"modified":"2013-02-26T11:12:08","modified_gmt":"2013-02-26T10:12:08","slug":"wichtige-informationen-zur-nutzung-der-platzanlage-sensenfeld","status":"publish","type":"post","link":"https:\/\/www.vfl-grafenwald.de\/?p=517","title":{"rendered":"Wichtige Informationen zur Nutzung der Platzanlage Sensenfeld"},"content":{"rendered":"<p>Ascheplatz: Die mobilen Tore m\u00fcssen nach dem Training bzw. nach Spielen wieder an ihre &#8222;Lagerpl\u00e4tze&#8220; gebracht werden. Das sind die Ecken der Laufbahnabgrenzungen zum Wald hin. Nur so k\u00f6nnen die Spielfl\u00e4che, die Laufbahn und der Platz hinter den Toren abgezogen werden.<\/p>\n<p>Bitte sprecht euch untereinander ab: Wer die Tore nutzt, kl\u00e4rt bitte mit den anschlie\u00dfend trainierenden Gruppen, ob sie die mobilen Tore \u00fcbernehmen. Ist dies der Fall, seid ihr vom Zur\u00fccktragen befreit.<\/p>\n","protected":false},"excerpt":{"rendered":"<p>Ascheplatz: Die mobilen Tore m\u00fcssen nach dem Training bzw. nach Spielen wieder an ihre &#8222;Lagerpl\u00e4tze&#8220; gebracht werden. Das sind die Ecken der Laufbahnabgrenzungen zum Wald hin. Nur so k\u00f6nnen die Spielfl\u00e4che, die Laufbahn und der Platz hinter den Toren abgezogen &hellip; <a href=\"https:\/\/www.vfl-grafenwald.de\/?p=517\">Weiterlesen <span class=\"meta-nav\">&rarr;<\/span><\/a><\/p>\n","protected":false},"author":4,"featured_media":0,"comment_status":"closed","ping_status":"open","sticky":false,"template":"","format":"standard","meta":{"footnotes":""},"categories":[4],"tags":[17],"class_list":["post-517","post","type-post","status-publish","format-standard","hentry","category-fussball","tag-fusball"],"_links":{"self":[{"href":"https:\/\/www.vfl-grafenwald.de\/index.php?rest_route=\/wp\/v2\/posts\/517","targetHints":{"allow":["GET"]}}],"collection":[{"href":"https:\/\/www.vfl-grafenwald.de\/index.php?rest_route=\/wp\/v2\/posts"}],"about":[{"href":"https:\/\/www.vfl-grafenwald.de\/index.php?rest_route=\/wp\/v2\/types\/post"}],"author":[{"embeddable":true,"href":"https:\/\/www.vfl-grafenwald.de\/index.php?rest_route=\/wp\/v2\/users\/4"}],"replies":[{"embeddable":true,"href":"https:\/\/www.vfl-grafenwald.de\/index.php?rest_route=%2Fwp%2Fv2%2Fcomments&post=517"}],"version-history":[{"count":6,"href":"https:\/\/www.vfl-grafenwald.de\/index.php?rest_route=\/wp\/v2\/posts\/517\/revisions"}],"predecessor-version":[{"id":720,"href":"https:\/\/www.vfl-grafenwald.de\/index.php?rest_route=\/wp\/v2\/posts\/517\/revisions\/720"}],"wp:attachment":[{"href":"https:\/\/www.vfl-grafenwald.de\/index.php?rest_route=%2Fwp%2Fv2%2Fmedia&parent=517"}],"wp:term":[{"taxonomy":"category","embeddable":true,"href":"https:\/\/www.vfl-grafenwald.de\/index.php?rest_route=%2Fwp%2Fv2%2Fcategories&post=517"},{"taxonomy":"post_tag","embeddable":true,"href":"https:\/\/www.vfl-grafenwald.de\/index.php?rest_route=%2Fwp%2Fv2%2Ftags&post=517"}],"curies":[{"name":"wp","href":"https:\/\/api.w.org\/{rel}","templated":true}]}}