{"id":445,"date":"2012-09-26T12:07:24","date_gmt":"2012-09-26T10:07:24","guid":{"rendered":"http:\/\/www.vfl-grafenwald.de\/?p=445"},"modified":"2013-02-26T11:12:09","modified_gmt":"2013-02-26T10:12:09","slug":"seniorenfusball-1-mannschaft-im-pokaleinsatz","status":"publish","type":"post","link":"https:\/\/www.vfl-grafenwald.de\/?p=445","title":{"rendered":"Seniorenfu\u00dfball: 1. Mannschaft im Pokaleinsatz"},"content":{"rendered":"<p>Am heutigen Mittwochabend k\u00e4mpft die erste Mannschaft des VfL Grafenwald im Kreispokal um den Einzug in die vierte Runde. Gegner ist YEG Hassel, das derzeit auf dem f\u00fcnften Platz in der Bezirksliga steht. Nach drei Siegen in der Meisterschaft m\u00f6chte das Team von Sven Koutcky auch im Pokalwettbewerb weiter f\u00fcr Furore sorgen. Ansto\u00df ist um 19.30 Uhr im Waldstadion.<\/p>\n","protected":false},"excerpt":{"rendered":"<p>Am heutigen Mittwochabend k\u00e4mpft die erste Mannschaft des VfL Grafenwald im Kreispokal um den Einzug in die vierte Runde. Gegner ist YEG Hassel, das derzeit auf dem f\u00fcnften Platz in der Bezirksliga steht. Nach drei Siegen in der Meisterschaft m\u00f6chte &hellip; <a href=\"https:\/\/www.vfl-grafenwald.de\/?p=445\">Weiterlesen <span class=\"meta-nav\">&rarr;<\/span><\/a><\/p>\n","protected":false},"author":4,"featured_media":0,"comment_status":"closed","ping_status":"open","sticky":false,"template":"","format":"standard","meta":{"footnotes":""},"categories":[4],"tags":[17],"class_list":["post-445","post","type-post","status-publish","format-standard","hentry","category-fussball","tag-fusball"],"_links":{"self":[{"href":"https:\/\/www.vfl-grafenwald.de\/index.php?rest_route=\/wp\/v2\/posts\/445","targetHints":{"allow":["GET"]}}],"collection":[{"href":"https:\/\/www.vfl-grafenwald.de\/index.php?rest_route=\/wp\/v2\/posts"}],"about":[{"href":"https:\/\/www.vfl-grafenwald.de\/index.php?rest_route=\/wp\/v2\/types\/post"}],"author":[{"embeddable":true,"href":"https:\/\/www.vfl-grafenwald.de\/index.php?rest_route=\/wp\/v2\/users\/4"}],"replies":[{"embeddable":true,"href":"https:\/\/www.vfl-grafenwald.de\/index.php?rest_route=%2Fwp%2Fv2%2Fcomments&post=445"}],"version-history":[{"count":6,"href":"https:\/\/www.vfl-grafenwald.de\/index.php?rest_route=\/wp\/v2\/posts\/445\/revisions"}],"predecessor-version":[{"id":730,"href":"https:\/\/www.vfl-grafenwald.de\/index.php?rest_route=\/wp\/v2\/posts\/445\/revisions\/730"}],"wp:attachment":[{"href":"https:\/\/www.vfl-grafenwald.de\/index.php?rest_route=%2Fwp%2Fv2%2Fmedia&parent=445"}],"wp:term":[{"taxonomy":"category","embeddable":true,"href":"https:\/\/www.vfl-grafenwald.de\/index.php?rest_route=%2Fwp%2Fv2%2Fcategories&post=445"},{"taxonomy":"post_tag","embeddable":true,"href":"https:\/\/www.vfl-grafenwald.de\/index.php?rest_route=%2Fwp%2Fv2%2Ftags&post=445"}],"curies":[{"name":"wp","href":"https:\/\/api.w.org\/{rel}","templated":true}]}}