{"id":432,"date":"2012-09-11T18:38:46","date_gmt":"2012-09-11T16:38:46","guid":{"rendered":"http:\/\/www.vfl-grafenwald.de\/?p=432"},"modified":"2013-02-26T11:12:09","modified_gmt":"2013-02-26T10:12:09","slug":"jugendfusball-am-wochenende","status":"publish","type":"post","link":"https:\/\/www.vfl-grafenwald.de\/?p=432","title":{"rendered":"Jugendfu\u00dfball am Wochenende"},"content":{"rendered":"<p>Im Pokalspiel zeigte die Grafenw\u00e4lder A-Jugend geben A-Kreisligisten Hessler 06 eine gute Leistung. Nach dem 0:1-R\u00fcckstand war der VfL die spielbestimmende Mannschaft im Waldstadion. Marvin B\u00f6ger markierte aus zwanzig Metern den verdienten Ausgleich. Steffen Klein brachte nach Vorlage von Lennox Uklan die W\u00f6ller in F\u00fchrung. Hessler machte Druck und glich aus. Nach einem Eigentor zum 2:3 machte der VfL auf und die cleveren G\u00e4ste schlugen durch Konter noch zweimal zu. In der Meisterschaft zeigte sich der VfL von der Niederlage gut erholt. In Arminia Hassel war Patrick Garbrecht bereits nach sechs Minuten erfolgreich. B\u00f6ger erh\u00f6hte noch vor der Pause auf 2:0 f\u00fcr den VfL. In der Druckphase der Gastgeber vollendete Niklas Kretz einen beherzten Angriff zum dritten Grafenw\u00e4lder Treffer.<\/p>\n<p>Die Grafenw\u00e4lder B-Jugend machte den G\u00e4sten aus YEG Hassel das Toreschie\u00dfen allzu leicht. Nach der guten Defensivleistung gegen Buer leisteten sich die jungen W\u00f6ller im zweiten Meisterschaftsspiel einige Schnitzer; im Angriff konnten sie selbst die klarsten Chancen nicht nutzen, so dass Hassel am Ende einen 5:0-Sieg bejubeln durfte.<\/p>\n<p>Die C-Jugend hat das Siegen doch noch nicht verlernt. Nach zwei sehr schwachen Auftritten im Pokal und zum Meisterschaftsauftakt gelang dem VfL ein deutlicher Erfolg gegen YEG Hassel. Max Ba\u00dfenhoff, Luca Husmann, Hendrik Bromkamp und Christian Liesenklas waren mit je zwei Treffern erfolgreich.<\/p>\n<p>Trotz einer Leistungssteigerung in der zweiten Halbzeit verlor die D2-Jugend ihr Heimdeb\u00fct gegen den SV Zweckel. Nach Toren von Niklas Kruse, Tolga Bugdaci und Philipp Cordeiro standen die W\u00f6ller vor dem Ausgleich, kassierten dann aber das spielentscheidende 3:5.<\/p>\n<p>Auch die E1 der Grafenw\u00e4lder ging an diesem Spieltag leer aus. Das Tor von Florian Klinger reichte beim 1:3 gegen den SC Hassel nur f\u00fcr den zwischenzeitlichen Ausgleich.<\/p>\n<p>Die E2 k\u00e4mpfte tapfer gegen einen starken Gegner und schlie\u00dflich auch gegen die eigene Ersch\u00f6pfung. Beim 2:5 gegen den SC Hassel standen den W\u00f6llern nur sieben Spieler zur Verf\u00fcgung, die sich gegen die drohende Niederlage stemmten.<\/p>\n<p>In ihrem ersten Spiel bot die F-Jugend des VfL eine gute Leistung. Leiden lie\u00dfen die Grafenw\u00e4lder zu viele Chancen ungenutzt, so dass Gastgeber Scholven beim 5:4 der lachende Sieger war.<\/p>\n<p>Die Ergebnisse im \u00dcberblick: Arminia Hassel &#8211; VfL A 1:3, VfL B \u2013 YEG Hassel 0:5, VfL C \u2013 YEG Hassel 8:0, Hansa Scholven &#8211; VfL D1 0:14 (0:3), VfL D2 \u2013 SV Zweckel 3:5, SC Hassel \u2013 VfL E1 3:1, SC Hassel \u2013 VfL E2 19:3, Hansa Scholven \u2013 VfL F 5:4, VfL U13 \u2013 SCHassel 0:11.<\/p>\n","protected":false},"excerpt":{"rendered":"<p>Im Pokalspiel zeigte die Grafenw\u00e4lder A-Jugend geben A-Kreisligisten Hessler 06 eine gute Leistung. Nach dem 0:1-R\u00fcckstand war der VfL die spielbestimmende Mannschaft im Waldstadion. Marvin B\u00f6ger markierte aus zwanzig Metern den verdienten Ausgleich. Steffen Klein brachte nach Vorlage von Lennox &hellip; <a href=\"https:\/\/www.vfl-grafenwald.de\/?p=432\">Weiterlesen <span class=\"meta-nav\">&rarr;<\/span><\/a><\/p>\n","protected":false},"author":4,"featured_media":0,"comment_status":"closed","ping_status":"open","sticky":false,"template":"","format":"standard","meta":{"footnotes":""},"categories":[4],"tags":[17],"class_list":["post-432","post","type-post","status-publish","format-standard","hentry","category-fussball","tag-fusball"],"_links":{"self":[{"href":"https:\/\/www.vfl-grafenwald.de\/index.php?rest_route=\/wp\/v2\/posts\/432","targetHints":{"allow":["GET"]}}],"collection":[{"href":"https:\/\/www.vfl-grafenwald.de\/index.php?rest_route=\/wp\/v2\/posts"}],"about":[{"href":"https:\/\/www.vfl-grafenwald.de\/index.php?rest_route=\/wp\/v2\/types\/post"}],"author":[{"embeddable":true,"href":"https:\/\/www.vfl-grafenwald.de\/index.php?rest_route=\/wp\/v2\/users\/4"}],"replies":[{"embeddable":true,"href":"https:\/\/www.vfl-grafenwald.de\/index.php?rest_route=%2Fwp%2Fv2%2Fcomments&post=432"}],"version-history":[{"count":6,"href":"https:\/\/www.vfl-grafenwald.de\/index.php?rest_route=\/wp\/v2\/posts\/432\/revisions"}],"predecessor-version":[{"id":732,"href":"https:\/\/www.vfl-grafenwald.de\/index.php?rest_route=\/wp\/v2\/posts\/432\/revisions\/732"}],"wp:attachment":[{"href":"https:\/\/www.vfl-grafenwald.de\/index.php?rest_route=%2Fwp%2Fv2%2Fmedia&parent=432"}],"wp:term":[{"taxonomy":"category","embeddable":true,"href":"https:\/\/www.vfl-grafenwald.de\/index.php?rest_route=%2Fwp%2Fv2%2Fcategories&post=432"},{"taxonomy":"post_tag","embeddable":true,"href":"https:\/\/www.vfl-grafenwald.de\/index.php?rest_route=%2Fwp%2Fv2%2Ftags&post=432"}],"curies":[{"name":"wp","href":"https:\/\/api.w.org\/{rel}","templated":true}]}}