{"id":401,"date":"2012-08-28T11:36:28","date_gmt":"2012-08-28T09:36:28","guid":{"rendered":"http:\/\/www.vfl-grafenwald.de\/?p=401"},"modified":"2013-02-26T11:12:09","modified_gmt":"2013-02-26T10:12:09","slug":"jugendfusball-a-jugend-im-pokal-weiter","status":"publish","type":"post","link":"https:\/\/www.vfl-grafenwald.de\/?p=401","title":{"rendered":"Jugendfu\u00dfball: A-Jugend im Pokal weiter"},"content":{"rendered":"<p>Drei Grafenw\u00e4lder Jugendmannschaften waren am Wochenende im Pokaleinsatz. Unsere A-Jugend setzte sich souver\u00e4n bei Wacker Gladbeck durch, unsere B-Jugend musste sich leider in der Verl\u00e4ngerung geschlagen geben. Die C-Jugend hatte im Heimspiel gegen Viktoria Resse das Nachsehen.<\/p>\n<p>Spielberichte finden sich auf den Mannschaftsseiten der <a href=\"http:\/\/www.vfl-grafenwald-jugend.de\">Fu\u00dfballjugend<\/a>.<\/p>\n","protected":false},"excerpt":{"rendered":"<p>Drei Grafenw\u00e4lder Jugendmannschaften waren am Wochenende im Pokaleinsatz. Unsere A-Jugend setzte sich souver\u00e4n bei Wacker Gladbeck durch, unsere B-Jugend musste sich leider in der Verl\u00e4ngerung geschlagen geben. Die C-Jugend hatte im Heimspiel gegen Viktoria Resse das Nachsehen. Spielberichte finden sich &hellip; <a href=\"https:\/\/www.vfl-grafenwald.de\/?p=401\">Weiterlesen <span class=\"meta-nav\">&rarr;<\/span><\/a><\/p>\n","protected":false},"author":4,"featured_media":0,"comment_status":"closed","ping_status":"open","sticky":false,"template":"","format":"standard","meta":{"footnotes":""},"categories":[4],"tags":[17],"class_list":["post-401","post","type-post","status-publish","format-standard","hentry","category-fussball","tag-fusball"],"_links":{"self":[{"href":"https:\/\/www.vfl-grafenwald.de\/index.php?rest_route=\/wp\/v2\/posts\/401","targetHints":{"allow":["GET"]}}],"collection":[{"href":"https:\/\/www.vfl-grafenwald.de\/index.php?rest_route=\/wp\/v2\/posts"}],"about":[{"href":"https:\/\/www.vfl-grafenwald.de\/index.php?rest_route=\/wp\/v2\/types\/post"}],"author":[{"embeddable":true,"href":"https:\/\/www.vfl-grafenwald.de\/index.php?rest_route=\/wp\/v2\/users\/4"}],"replies":[{"embeddable":true,"href":"https:\/\/www.vfl-grafenwald.de\/index.php?rest_route=%2Fwp%2Fv2%2Fcomments&post=401"}],"version-history":[{"count":9,"href":"https:\/\/www.vfl-grafenwald.de\/index.php?rest_route=\/wp\/v2\/posts\/401\/revisions"}],"predecessor-version":[{"id":736,"href":"https:\/\/www.vfl-grafenwald.de\/index.php?rest_route=\/wp\/v2\/posts\/401\/revisions\/736"}],"wp:attachment":[{"href":"https:\/\/www.vfl-grafenwald.de\/index.php?rest_route=%2Fwp%2Fv2%2Fmedia&parent=401"}],"wp:term":[{"taxonomy":"category","embeddable":true,"href":"https:\/\/www.vfl-grafenwald.de\/index.php?rest_route=%2Fwp%2Fv2%2Fcategories&post=401"},{"taxonomy":"post_tag","embeddable":true,"href":"https:\/\/www.vfl-grafenwald.de\/index.php?rest_route=%2Fwp%2Fv2%2Ftags&post=401"}],"curies":[{"name":"wp","href":"https:\/\/api.w.org\/{rel}","templated":true}]}}