{"id":391,"date":"2012-08-27T22:40:25","date_gmt":"2012-08-27T20:40:25","guid":{"rendered":"http:\/\/www.vfl-grafenwald.de\/?p=391"},"modified":"2013-02-26T11:12:09","modified_gmt":"2013-02-26T10:12:09","slug":"ele-junior-cup-woller-d-jugend-erreicht-endrunde","status":"publish","type":"post","link":"https:\/\/www.vfl-grafenwald.de\/?p=391","title":{"rendered":"ELE Junior-Cup: W\u00f6ller D-Jugend erreicht Endrunde"},"content":{"rendered":"<p>Mit zehn Punkten und 7:1 Toren qualifizierte sich die D-Junioren-Mannschaft des VfL Grafenwald f\u00fcr die Endrunde des diesj\u00e4hrigen ELE-Cups. Diese wird am Samstag im Gladbecker Stadion an der B224 stattfinden. Hier der Endstand der Grafenw\u00e4lder Vorrundengruppe:<\/p>\n<p>1. VfL Grafenwald &#8211; 10 Punkte &#8211; 7:1 Tore<br \/>\n2. Westfalia 04 Gelsenkirchen &#8211; 8 Punkte &#8211; 7:1 Tore<br \/>\n3. VfB Bottrop &#8211; 6 Punkte &#8211; 5:2 Tore<br \/>\n4. Schwarz-Blau Gladbeck &#8211; 4 Punkte &#8211; 3:4 Tore<br \/>\n5. Westfalia Buer &#8211; 0 Punkte &#8211; 0:13 Tore<br \/>\n6. RWW Bismarck nicht angetreten<\/p>\n","protected":false},"excerpt":{"rendered":"<p>Mit zehn Punkten und 7:1 Toren qualifizierte sich die D-Junioren-Mannschaft des VfL Grafenwald f\u00fcr die Endrunde des diesj\u00e4hrigen ELE-Cups. Diese wird am Samstag im Gladbecker Stadion an der B224 stattfinden. Hier der Endstand der Grafenw\u00e4lder Vorrundengruppe: 1. VfL Grafenwald &#8211; &hellip; <a href=\"https:\/\/www.vfl-grafenwald.de\/?p=391\">Weiterlesen <span class=\"meta-nav\">&rarr;<\/span><\/a><\/p>\n","protected":false},"author":4,"featured_media":0,"comment_status":"closed","ping_status":"open","sticky":false,"template":"","format":"standard","meta":{"footnotes":""},"categories":[4,1],"tags":[29,17],"class_list":["post-391","post","type-post","status-publish","format-standard","hentry","category-fussball","category-verein","tag-ele-junior-cup","tag-fusball"],"_links":{"self":[{"href":"https:\/\/www.vfl-grafenwald.de\/index.php?rest_route=\/wp\/v2\/posts\/391","targetHints":{"allow":["GET"]}}],"collection":[{"href":"https:\/\/www.vfl-grafenwald.de\/index.php?rest_route=\/wp\/v2\/posts"}],"about":[{"href":"https:\/\/www.vfl-grafenwald.de\/index.php?rest_route=\/wp\/v2\/types\/post"}],"author":[{"embeddable":true,"href":"https:\/\/www.vfl-grafenwald.de\/index.php?rest_route=\/wp\/v2\/users\/4"}],"replies":[{"embeddable":true,"href":"https:\/\/www.vfl-grafenwald.de\/index.php?rest_route=%2Fwp%2Fv2%2Fcomments&post=391"}],"version-history":[{"count":8,"href":"https:\/\/www.vfl-grafenwald.de\/index.php?rest_route=\/wp\/v2\/posts\/391\/revisions"}],"predecessor-version":[{"id":738,"href":"https:\/\/www.vfl-grafenwald.de\/index.php?rest_route=\/wp\/v2\/posts\/391\/revisions\/738"}],"wp:attachment":[{"href":"https:\/\/www.vfl-grafenwald.de\/index.php?rest_route=%2Fwp%2Fv2%2Fmedia&parent=391"}],"wp:term":[{"taxonomy":"category","embeddable":true,"href":"https:\/\/www.vfl-grafenwald.de\/index.php?rest_route=%2Fwp%2Fv2%2Fcategories&post=391"},{"taxonomy":"post_tag","embeddable":true,"href":"https:\/\/www.vfl-grafenwald.de\/index.php?rest_route=%2Fwp%2Fv2%2Ftags&post=391"}],"curies":[{"name":"wp","href":"https:\/\/api.w.org\/{rel}","templated":true}]}}