{"id":372,"date":"2012-08-23T17:03:41","date_gmt":"2012-08-23T15:03:41","guid":{"rendered":"http:\/\/www.vfl-grafenwald.de\/?p=372"},"modified":"2013-02-26T11:12:09","modified_gmt":"2013-02-26T10:12:09","slug":"kopfstos-fusball-jugendmannschaften-vor-der-jahrtausendwende","status":"publish","type":"post","link":"https:\/\/www.vfl-grafenwald.de\/?p=372","title":{"rendered":"Kopfsto\u00df: Fu\u00dfball-Jugendmannschaften vor der Jahrtausendwende"},"content":{"rendered":"<p>Die Auf&#8217;m Platz-Redaktion hat ein ganz besonderes Sch\u00e4tzchen ausgegraben: <i>Kopfsto\u00df<\/i> stellte die Bottroper Jugendfu\u00dfballmannschaften der Saison 1986\/87 vor. Artikel und die Seite zum Downloaden findet ihr &#8211; nat\u00fcrlich &#8211; Auf&#8217;m Platz! Die Downloadseite findet ihr unter dem zweiten Link.<\/p>\n<p><a href=\"http:\/\/www.aufmplatz.com\/2012\/08\/22\/was-macht-eigentlich-der-eine-oder-andere\/\">Was macht eigentlich&#8230; der eine oder andere<\/a><\/p>\n<p><a href=\"http:\/\/www.aufmplatz.net\/auf-m-platz-kompakt\/was-macht-eigentlich\/der-eine-oder-andere-magazin-kopfsto\u00df\/\">Was macht eigentlich&#8230; der eine oder andere &#8211; das Magazin &#8222;Kopfsto\u00df&#8220; aus dem Jahr 1987<\/a><\/p>\n<p>Auch die W\u00f6ller sind dabei (PDF ab Seite 43, Magazinseiten 41 ff.)!<\/p>\n","protected":false},"excerpt":{"rendered":"<p>Die Auf&#8217;m Platz-Redaktion hat ein ganz besonderes Sch\u00e4tzchen ausgegraben: Kopfsto\u00df stellte die Bottroper Jugendfu\u00dfballmannschaften der Saison 1986\/87 vor. Artikel und die Seite zum Downloaden findet ihr &#8211; nat\u00fcrlich &#8211; Auf&#8217;m Platz! Die Downloadseite findet ihr unter dem zweiten Link. Was &hellip; <a href=\"https:\/\/www.vfl-grafenwald.de\/?p=372\">Weiterlesen <span class=\"meta-nav\">&rarr;<\/span><\/a><\/p>\n","protected":false},"author":4,"featured_media":0,"comment_status":"closed","ping_status":"open","sticky":false,"template":"","format":"standard","meta":{"footnotes":""},"categories":[4,1],"tags":[17],"class_list":["post-372","post","type-post","status-publish","format-standard","hentry","category-fussball","category-verein","tag-fusball"],"_links":{"self":[{"href":"https:\/\/www.vfl-grafenwald.de\/index.php?rest_route=\/wp\/v2\/posts\/372","targetHints":{"allow":["GET"]}}],"collection":[{"href":"https:\/\/www.vfl-grafenwald.de\/index.php?rest_route=\/wp\/v2\/posts"}],"about":[{"href":"https:\/\/www.vfl-grafenwald.de\/index.php?rest_route=\/wp\/v2\/types\/post"}],"author":[{"embeddable":true,"href":"https:\/\/www.vfl-grafenwald.de\/index.php?rest_route=\/wp\/v2\/users\/4"}],"replies":[{"embeddable":true,"href":"https:\/\/www.vfl-grafenwald.de\/index.php?rest_route=%2Fwp%2Fv2%2Fcomments&post=372"}],"version-history":[{"count":11,"href":"https:\/\/www.vfl-grafenwald.de\/index.php?rest_route=\/wp\/v2\/posts\/372\/revisions"}],"predecessor-version":[{"id":740,"href":"https:\/\/www.vfl-grafenwald.de\/index.php?rest_route=\/wp\/v2\/posts\/372\/revisions\/740"}],"wp:attachment":[{"href":"https:\/\/www.vfl-grafenwald.de\/index.php?rest_route=%2Fwp%2Fv2%2Fmedia&parent=372"}],"wp:term":[{"taxonomy":"category","embeddable":true,"href":"https:\/\/www.vfl-grafenwald.de\/index.php?rest_route=%2Fwp%2Fv2%2Fcategories&post=372"},{"taxonomy":"post_tag","embeddable":true,"href":"https:\/\/www.vfl-grafenwald.de\/index.php?rest_route=%2Fwp%2Fv2%2Ftags&post=372"}],"curies":[{"name":"wp","href":"https:\/\/api.w.org\/{rel}","templated":true}]}}