{"id":355,"date":"2012-08-20T14:08:00","date_gmt":"2012-08-20T12:08:00","guid":{"rendered":"http:\/\/www.vfl-grafenwald.de\/?p=355"},"modified":"2013-02-26T11:12:10","modified_gmt":"2013-02-26T10:12:10","slug":"fusballcamp-artikel-und-bilder","status":"publish","type":"post","link":"https:\/\/www.vfl-grafenwald.de\/?p=355","title":{"rendered":"Fu\u00dfballcamp: Artikel und Bilder"},"content":{"rendered":"<p>Schwei\u00dftreibende, aber auch spannende und fr\u00f6hliche Tage liegen hinter den Campkids, ihren Trainern und Betreuern. Stoff zum Nachlesen gibt es bei der Dorstener Zeitung:<\/p>\n<p><a href=\"http:\/\/www.dorstenerzeitung.de\/lokales\/kirchhellen\/71-Nachwuchskicker-trainieren-im-Fussballcamp;art4249,1736414\">71 Nachwuchskicker trainieren im Fu\u00dfballcamp<\/a><\/p>\n<p>Auf der unserer Fu\u00dfball-Jugendseite gibt weitere Bilder zum Camp:<\/p>\n<p><a href=\"http:\/\/www.vfl-grafenwald-jugend.de\/index.php?section=show&#038;id=16\">Fu\u00dfballcamp Galerie<\/a><\/p>\n","protected":false},"excerpt":{"rendered":"<p>Schwei\u00dftreibende, aber auch spannende und fr\u00f6hliche Tage liegen hinter den Campkids, ihren Trainern und Betreuern. Stoff zum Nachlesen gibt es bei der Dorstener Zeitung: 71 Nachwuchskicker trainieren im Fu\u00dfballcamp Auf der unserer Fu\u00dfball-Jugendseite gibt weitere Bilder zum Camp: Fu\u00dfballcamp Galerie<\/p>\n","protected":false},"author":4,"featured_media":0,"comment_status":"closed","ping_status":"open","sticky":false,"template":"","format":"standard","meta":{"footnotes":""},"categories":[4,1],"tags":[17,27],"class_list":["post-355","post","type-post","status-publish","format-standard","hentry","category-fussball","category-verein","tag-fusball","tag-woller-fusballcamp"],"_links":{"self":[{"href":"https:\/\/www.vfl-grafenwald.de\/index.php?rest_route=\/wp\/v2\/posts\/355","targetHints":{"allow":["GET"]}}],"collection":[{"href":"https:\/\/www.vfl-grafenwald.de\/index.php?rest_route=\/wp\/v2\/posts"}],"about":[{"href":"https:\/\/www.vfl-grafenwald.de\/index.php?rest_route=\/wp\/v2\/types\/post"}],"author":[{"embeddable":true,"href":"https:\/\/www.vfl-grafenwald.de\/index.php?rest_route=\/wp\/v2\/users\/4"}],"replies":[{"embeddable":true,"href":"https:\/\/www.vfl-grafenwald.de\/index.php?rest_route=%2Fwp%2Fv2%2Fcomments&post=355"}],"version-history":[{"count":6,"href":"https:\/\/www.vfl-grafenwald.de\/index.php?rest_route=\/wp\/v2\/posts\/355\/revisions"}],"predecessor-version":[{"id":742,"href":"https:\/\/www.vfl-grafenwald.de\/index.php?rest_route=\/wp\/v2\/posts\/355\/revisions\/742"}],"wp:attachment":[{"href":"https:\/\/www.vfl-grafenwald.de\/index.php?rest_route=%2Fwp%2Fv2%2Fmedia&parent=355"}],"wp:term":[{"taxonomy":"category","embeddable":true,"href":"https:\/\/www.vfl-grafenwald.de\/index.php?rest_route=%2Fwp%2Fv2%2Fcategories&post=355"},{"taxonomy":"post_tag","embeddable":true,"href":"https:\/\/www.vfl-grafenwald.de\/index.php?rest_route=%2Fwp%2Fv2%2Ftags&post=355"}],"curies":[{"name":"wp","href":"https:\/\/api.w.org\/{rel}","templated":true}]}}