{"id":3495,"date":"2026-01-26T14:03:47","date_gmt":"2026-01-26T13:03:47","guid":{"rendered":"https:\/\/www.vfl-grafenwald.de\/?p=3495"},"modified":"2026-01-26T14:14:26","modified_gmt":"2026-01-26T13:14:26","slug":"der-vfl-grafenwald-trauert-um-zwei-langjaehrige-wegbegleiter","status":"publish","type":"post","link":"https:\/\/www.vfl-grafenwald.de\/?p=3495","title":{"rendered":"Der VfL Grafenwald trauert um zwei langj\u00e4hrige Wegbegleiter"},"content":{"rendered":"\n<p>Traurige Momente<\/p>\n\n\n\n<p>Liebe VfL Gemeinde,<\/p>\n\n\n\n<p>wir m\u00f6chten heute an dieser Stelle Abschied nehmen von zwei langj\u00e4hrigen VfL-Wegbegleitern. Zwei Personen, die das Geschehen in und um unseren Verein in den vergangenen Jahren gepr\u00e4gt haben.<\/p>\n\n\n\n<p>Addi Sieradrki \u2013 Abteilung Einrad und Breitensport<\/p>\n\n\n\n<p>Addi hat seit dem Beginn der Jahrtausendwende in der Abteilung Einrad, sp\u00e4ter in der Abteilung Breitensport aktiv mitgewirkt. Als wir im Jahr 1999 den VfL in einen Mehrspartenverein umgewandelt haben, war Sie bis zum Jahr 2010 die erste Jugendleiterin des Gesamtvereins.<\/p>\n\n\n\n<p>Addi ist am 2. Dezember 2025 verstorben und wurde bereits in aller Stille am 19. Dezember 2025 im Waldfriedhof am L\u00f6wenpark in Gelsenkirchen beigesetzt.<\/p>\n\n\n\n<p>Petar wurde am 15. Juli 1941 geboren. In den Jahren 1992 bis 2008 war er der Obmann der Alten Herren und hat in diesen Zeiten so manches Mal noch selbst die Fu\u00dfball-Stiefel geschn\u00fcrt. Aber die meisten kennen ihn noch als Platzwart und Grillmeister bei s\u00e4mtlichen Heimspielen unserer Senioren.<\/p>\n\n\n<div class=\"wp-block-image\">\n<figure class=\"aligncenter size-full is-resized\"><a href=\"https:\/\/www.vfl-grafenwald.de\/wp-content\/uploads\/2026\/01\/Petar.jpg\"><img loading=\"lazy\" decoding=\"async\" width=\"404\" height=\"671\" src=\"https:\/\/www.vfl-grafenwald.de\/wp-content\/uploads\/2026\/01\/Petar.jpg\" alt=\"\" class=\"wp-image-3496\" style=\"width:290px;height:auto\" srcset=\"https:\/\/www.vfl-grafenwald.de\/wp-content\/uploads\/2026\/01\/Petar.jpg 404w, https:\/\/www.vfl-grafenwald.de\/wp-content\/uploads\/2026\/01\/Petar-181x300.jpg 181w\" sizes=\"auto, (max-width: 404px) 100vw, 404px\" \/><\/a><\/figure>\n<\/div>\n\n\n<p>In den Jahren von Mai 2004 bis zum Mai 2017 war er zudem der verantwortliche Platzwart beim VfL \u2013 sozusagen \u201eM\u00e4dchen f\u00fcr alles\u201c!<\/p>\n\n\n\n<p>Petar ist vor einigen Tagen verstorben und wird am 28. Januar 2026 in Rentfort beerdigt.<\/p>\n\n\n\n<p>Addi und Petar haben viel f\u00fcr unseren Verein getan und uns in den vergangenen Jahrzehnten begleitet. Wir werden den Beiden ein ehrendes Andenken bewahren.<\/p>\n\n\n\n<p>Dr. Peter Scheidgen, Pr\u00e4sident VfL Grafenwald<\/p>\n\n\n\n<p><\/p>\n","protected":false},"excerpt":{"rendered":"<p>Traurige Momente Liebe VfL Gemeinde, wir m\u00f6chten heute an dieser Stelle Abschied nehmen von zwei langj\u00e4hrigen VfL-Wegbegleitern. Zwei Personen, die das Geschehen in und um unseren Verein in den vergangenen Jahren gepr\u00e4gt haben. Addi Sieradrki \u2013 Abteilung Einrad und Breitensport &hellip; <a href=\"https:\/\/www.vfl-grafenwald.de\/?p=3495\">Weiterlesen <span class=\"meta-nav\">&rarr;<\/span><\/a><\/p>\n","protected":false},"author":4,"featured_media":0,"comment_status":"closed","ping_status":"closed","sticky":false,"template":"","format":"standard","meta":{"footnotes":""},"categories":[1],"tags":[],"class_list":["post-3495","post","type-post","status-publish","format-standard","hentry","category-verein"],"_links":{"self":[{"href":"https:\/\/www.vfl-grafenwald.de\/index.php?rest_route=\/wp\/v2\/posts\/3495","targetHints":{"allow":["GET"]}}],"collection":[{"href":"https:\/\/www.vfl-grafenwald.de\/index.php?rest_route=\/wp\/v2\/posts"}],"about":[{"href":"https:\/\/www.vfl-grafenwald.de\/index.php?rest_route=\/wp\/v2\/types\/post"}],"author":[{"embeddable":true,"href":"https:\/\/www.vfl-grafenwald.de\/index.php?rest_route=\/wp\/v2\/users\/4"}],"replies":[{"embeddable":true,"href":"https:\/\/www.vfl-grafenwald.de\/index.php?rest_route=%2Fwp%2Fv2%2Fcomments&post=3495"}],"version-history":[{"count":1,"href":"https:\/\/www.vfl-grafenwald.de\/index.php?rest_route=\/wp\/v2\/posts\/3495\/revisions"}],"predecessor-version":[{"id":3497,"href":"https:\/\/www.vfl-grafenwald.de\/index.php?rest_route=\/wp\/v2\/posts\/3495\/revisions\/3497"}],"wp:attachment":[{"href":"https:\/\/www.vfl-grafenwald.de\/index.php?rest_route=%2Fwp%2Fv2%2Fmedia&parent=3495"}],"wp:term":[{"taxonomy":"category","embeddable":true,"href":"https:\/\/www.vfl-grafenwald.de\/index.php?rest_route=%2Fwp%2Fv2%2Fcategories&post=3495"},{"taxonomy":"post_tag","embeddable":true,"href":"https:\/\/www.vfl-grafenwald.de\/index.php?rest_route=%2Fwp%2Fv2%2Ftags&post=3495"}],"curies":[{"name":"wp","href":"https:\/\/api.w.org\/{rel}","templated":true}]}}