{"id":348,"date":"2012-08-15T17:23:08","date_gmt":"2012-08-15T15:23:08","guid":{"rendered":"http:\/\/www.vfl-grafenwald.de\/?p=348"},"modified":"2013-02-26T11:12:10","modified_gmt":"2013-02-26T10:12:10","slug":"fusballcamp-fotostrecken-online","status":"publish","type":"post","link":"https:\/\/www.vfl-grafenwald.de\/?p=348","title":{"rendered":"Fu\u00dfballcamp: Fotostrecken online"},"content":{"rendered":"<p>Zahlreiche tolle Bilder vom Camp sind bereits online:<\/p>\n<p><a href=\"http:\/\/grafenwald.de\">Grafenwald: Fu\u00dfballcamp in Grafenwald<\/a><\/p>\n<p><a href=\"http:\/\/www.derwesten.de\/sport\/lokalsport\/bottrop\/fussballcamp-fuer-kids-id6982763.html\">WAZ: Fu\u00dfballcamp f\u00fcr Kids<\/a><\/p>\n","protected":false},"excerpt":{"rendered":"<p>Zahlreiche tolle Bilder vom Camp sind bereits online: Grafenwald: Fu\u00dfballcamp in Grafenwald WAZ: Fu\u00dfballcamp f\u00fcr Kids<\/p>\n","protected":false},"author":4,"featured_media":0,"comment_status":"closed","ping_status":"open","sticky":false,"template":"","format":"standard","meta":{"footnotes":""},"categories":[4,1],"tags":[17,27],"class_list":["post-348","post","type-post","status-publish","format-standard","hentry","category-fussball","category-verein","tag-fusball","tag-woller-fusballcamp"],"_links":{"self":[{"href":"https:\/\/www.vfl-grafenwald.de\/index.php?rest_route=\/wp\/v2\/posts\/348","targetHints":{"allow":["GET"]}}],"collection":[{"href":"https:\/\/www.vfl-grafenwald.de\/index.php?rest_route=\/wp\/v2\/posts"}],"about":[{"href":"https:\/\/www.vfl-grafenwald.de\/index.php?rest_route=\/wp\/v2\/types\/post"}],"author":[{"embeddable":true,"href":"https:\/\/www.vfl-grafenwald.de\/index.php?rest_route=\/wp\/v2\/users\/4"}],"replies":[{"embeddable":true,"href":"https:\/\/www.vfl-grafenwald.de\/index.php?rest_route=%2Fwp%2Fv2%2Fcomments&post=348"}],"version-history":[{"count":8,"href":"https:\/\/www.vfl-grafenwald.de\/index.php?rest_route=\/wp\/v2\/posts\/348\/revisions"}],"predecessor-version":[{"id":743,"href":"https:\/\/www.vfl-grafenwald.de\/index.php?rest_route=\/wp\/v2\/posts\/348\/revisions\/743"}],"wp:attachment":[{"href":"https:\/\/www.vfl-grafenwald.de\/index.php?rest_route=%2Fwp%2Fv2%2Fmedia&parent=348"}],"wp:term":[{"taxonomy":"category","embeddable":true,"href":"https:\/\/www.vfl-grafenwald.de\/index.php?rest_route=%2Fwp%2Fv2%2Fcategories&post=348"},{"taxonomy":"post_tag","embeddable":true,"href":"https:\/\/www.vfl-grafenwald.de\/index.php?rest_route=%2Fwp%2Fv2%2Ftags&post=348"}],"curies":[{"name":"wp","href":"https:\/\/api.w.org\/{rel}","templated":true}]}}