{"id":3448,"date":"2025-12-04T17:33:44","date_gmt":"2025-12-04T16:33:44","guid":{"rendered":"https:\/\/www.vfl-grafenwald.de\/?p=3448"},"modified":"2025-12-06T16:32:13","modified_gmt":"2025-12-06T15:32:13","slug":"grosse-ueberraschung-beim-eltern-kind-turnen","status":"publish","type":"post","link":"https:\/\/www.vfl-grafenwald.de\/?p=3448","title":{"rendered":"Gro\u00dfe \u00dcberraschung beim Eltern-Kind-Turnen"},"content":{"rendered":"\n<p><strong>Barbara Protzek<\/strong>&nbsp;&nbsp;wurde im Rahmen der Aktion \u201eSportehrenamt \u00fcberrascht&#8220; f\u00fcr ihr langj\u00e4hriges Engagement mit den j\u00fcngsten Sportlern ausgezeichnet.&nbsp;<\/p>\n\n\n\n<figure class=\"wp-block-image size-large\"><a href=\"https:\/\/www.vfl-grafenwald.de\/wp-content\/uploads\/2025\/12\/Protzek_Ehrenamt_II-scaled-e1764865724356.jpg\"><img loading=\"lazy\" decoding=\"async\" width=\"729\" height=\"1024\" src=\"https:\/\/www.vfl-grafenwald.de\/wp-content\/uploads\/2025\/12\/Protzek_Ehrenamt_II-scaled-e1764865724356-729x1024.jpg\" alt=\"\" class=\"wp-image-3450\" srcset=\"https:\/\/www.vfl-grafenwald.de\/wp-content\/uploads\/2025\/12\/Protzek_Ehrenamt_II-scaled-e1764865724356-729x1024.jpg 729w, https:\/\/www.vfl-grafenwald.de\/wp-content\/uploads\/2025\/12\/Protzek_Ehrenamt_II-scaled-e1764865724356-214x300.jpg 214w, https:\/\/www.vfl-grafenwald.de\/wp-content\/uploads\/2025\/12\/Protzek_Ehrenamt_II-scaled-e1764865724356-768x1078.jpg 768w, https:\/\/www.vfl-grafenwald.de\/wp-content\/uploads\/2025\/12\/Protzek_Ehrenamt_II-scaled-e1764865724356-1094x1536.jpg 1094w, https:\/\/www.vfl-grafenwald.de\/wp-content\/uploads\/2025\/12\/Protzek_Ehrenamt_II-scaled-e1764865724356.jpg 1440w\" sizes=\"auto, (max-width: 729px) 100vw, 729px\" \/><\/a><\/figure>\n\n\n\n<p>Sie ist wohl seit 2009 die beliebteste \u201eTurnmutti\u201c bei den Kindern im Alter von 10 Monaten bis 3,5 Jahren. Da treten oftmals die mit anwesenden Elternteile \u201ein die zweite Reihe\u201c.\u00a0<\/p>\n\n\n\n<p>Barbara wei\u00df, Kinder brauchen Bewegung, und je fr\u00fcher sie damit anfangen, desto besser ist es f\u00fcr ihre Entwicklung und ihre Gesundheit.<\/p>\n\n\n\n<p>Mit ihrem Konzept, welches auch \u00fcber die Grenzen von Bottrop-Kirchhellen hinaus Anklang findet, hat sie die Begeisterung aller schon auf Jahre im Voraus gepachtet. Die Gruppe w\u00e4chst st\u00e4ndig bez\u00fcglich ihrer Mitgliederzahl. Mittlerweile betreut sie 4 Gruppen w\u00f6chentlich. Die Nachfrage rei\u00dft nicht ab, es besteht eine lange Warteliste.&nbsp;<\/p>\n\n\n\n<p>Die F\u00f6rderung der Kinder im Kleinkind- und Vorschulalter wird beim Vfl Grafenwald gro\u00dfgeschrieben.&nbsp;&nbsp;Hier haben die Verantwortlichen verstanden, dass mit dem Eltern-Kind-Turnen auch&nbsp;ein guter Grundstein f\u00fcr alle weiteren Sportarten gelegt wird.<\/p>\n\n\n\n<p>Es&nbsp;werden die motorischen Grundlagen&nbsp;durch Balancieren, Springen, Klettern etc. erlernt und&nbsp;gefestigt. Aber&nbsp;auch die sozialen F\u00e4higkeiten werden durch das gemeinsamen Spielen mit Gleichaltrigen gef\u00f6rdert, da sie lernen&nbsp;nachzugeben, zu kooperieren oder auch auf andere acht zu geben.&nbsp;\u00c4ngste und Hemmungen werden spielerisch abgebaut&nbsp;und es kann ohne Zwang der&nbsp;eigene&nbsp;Mut und das Selbstvertrauen entdeckt und entwickelt werden.<\/p>\n\n\n\n<p>Der gesamte Vorstand der Abteilung Breitensport im VfL Grafenwald dankt Barbara Protzek f\u00fcr dieses tolle Konzept sowie ihr au\u00dfergew\u00f6hnliches, gro\u00dfes Engagement und ihre Zeitanteile zum Wohle der Kinder und deren Entwicklung.&nbsp;<\/p>\n\n\n\n<figure class=\"wp-block-image size-large\"><a href=\"https:\/\/www.vfl-grafenwald.de\/wp-content\/uploads\/2025\/12\/Protzek_Ehrenamt_I-scaled-e1764865753941.jpeg\"><img loading=\"lazy\" decoding=\"async\" width=\"1024\" height=\"473\" src=\"https:\/\/www.vfl-grafenwald.de\/wp-content\/uploads\/2025\/12\/Protzek_Ehrenamt_I-scaled-e1764865753941-1024x473.jpeg\" alt=\"\" class=\"wp-image-3449\" srcset=\"https:\/\/www.vfl-grafenwald.de\/wp-content\/uploads\/2025\/12\/Protzek_Ehrenamt_I-scaled-e1764865753941-1024x473.jpeg 1024w, https:\/\/www.vfl-grafenwald.de\/wp-content\/uploads\/2025\/12\/Protzek_Ehrenamt_I-scaled-e1764865753941-300x139.jpeg 300w, https:\/\/www.vfl-grafenwald.de\/wp-content\/uploads\/2025\/12\/Protzek_Ehrenamt_I-scaled-e1764865753941-768x355.jpeg 768w, https:\/\/www.vfl-grafenwald.de\/wp-content\/uploads\/2025\/12\/Protzek_Ehrenamt_I-scaled-e1764865753941-1536x709.jpeg 1536w, https:\/\/www.vfl-grafenwald.de\/wp-content\/uploads\/2025\/12\/Protzek_Ehrenamt_I-scaled-e1764865753941-2048x946.jpeg 2048w, https:\/\/www.vfl-grafenwald.de\/wp-content\/uploads\/2025\/12\/Protzek_Ehrenamt_I-scaled-e1764865753941-500x231.jpeg 500w\" sizes=\"auto, (max-width: 1024px) 100vw, 1024px\" \/><\/a><\/figure>\n\n\n\n<p>Der Dank gilt auch den anwesenden Kindern und Eltern, die die Ehrung tatkr\u00e4ftig unterst\u00fctzt haben. <\/p>\n","protected":false},"excerpt":{"rendered":"<p>Barbara Protzek&nbsp;&nbsp;wurde im Rahmen der Aktion \u201eSportehrenamt \u00fcberrascht&#8220; f\u00fcr ihr langj\u00e4hriges Engagement mit den j\u00fcngsten Sportlern ausgezeichnet.&nbsp; Sie ist wohl seit 2009 die beliebteste \u201eTurnmutti\u201c bei den Kindern im Alter von 10 Monaten bis 3,5 Jahren. Da treten oftmals die &hellip; <a href=\"https:\/\/www.vfl-grafenwald.de\/?p=3448\">Weiterlesen <span class=\"meta-nav\">&rarr;<\/span><\/a><\/p>\n","protected":false},"author":7,"featured_media":0,"comment_status":"closed","ping_status":"open","sticky":false,"template":"","format":"standard","meta":{"footnotes":""},"categories":[7,1],"tags":[80,81],"class_list":["post-3448","post","type-post","status-publish","format-standard","hentry","category-breitensport","category-verein","tag-ehrenamt","tag-ehrung"],"_links":{"self":[{"href":"https:\/\/www.vfl-grafenwald.de\/index.php?rest_route=\/wp\/v2\/posts\/3448","targetHints":{"allow":["GET"]}}],"collection":[{"href":"https:\/\/www.vfl-grafenwald.de\/index.php?rest_route=\/wp\/v2\/posts"}],"about":[{"href":"https:\/\/www.vfl-grafenwald.de\/index.php?rest_route=\/wp\/v2\/types\/post"}],"author":[{"embeddable":true,"href":"https:\/\/www.vfl-grafenwald.de\/index.php?rest_route=\/wp\/v2\/users\/7"}],"replies":[{"embeddable":true,"href":"https:\/\/www.vfl-grafenwald.de\/index.php?rest_route=%2Fwp%2Fv2%2Fcomments&post=3448"}],"version-history":[{"count":4,"href":"https:\/\/www.vfl-grafenwald.de\/index.php?rest_route=\/wp\/v2\/posts\/3448\/revisions"}],"predecessor-version":[{"id":3454,"href":"https:\/\/www.vfl-grafenwald.de\/index.php?rest_route=\/wp\/v2\/posts\/3448\/revisions\/3454"}],"wp:attachment":[{"href":"https:\/\/www.vfl-grafenwald.de\/index.php?rest_route=%2Fwp%2Fv2%2Fmedia&parent=3448"}],"wp:term":[{"taxonomy":"category","embeddable":true,"href":"https:\/\/www.vfl-grafenwald.de\/index.php?rest_route=%2Fwp%2Fv2%2Fcategories&post=3448"},{"taxonomy":"post_tag","embeddable":true,"href":"https:\/\/www.vfl-grafenwald.de\/index.php?rest_route=%2Fwp%2Fv2%2Ftags&post=3448"}],"curies":[{"name":"wp","href":"https:\/\/api.w.org\/{rel}","templated":true}]}}