{"id":3428,"date":"2025-10-09T19:25:52","date_gmt":"2025-10-09T17:25:52","guid":{"rendered":"https:\/\/www.vfl-grafenwald.de\/?p=3428"},"modified":"2025-11-05T15:43:02","modified_gmt":"2025-11-05T14:43:02","slug":"abteilung-breitensport-laedt-ein","status":"publish","type":"post","link":"https:\/\/www.vfl-grafenwald.de\/?p=3428","title":{"rendered":"UPDATE: 01.11.2025 Abteilung Breitensport -Absage Herbstfest-"},"content":{"rendered":"\n<p><\/p>\n\n\n\n<p>Liebe Mitglieder der Abteilung Breitensport!<\/p>\n\n\n\n<p>Der Vorstand bedauert sehr euch mitzuteilen, dass aus organisatorischen Gr\u00fcnden leider unser diesj\u00e4hriges Herbstfest entfallen muss.<\/p>\n\n\n\n<p><strong>Am 11.11.2025 findet kein Herbstfest der Abteilung Breitensport statt.<\/strong><\/p>\n\n\n\n<p>F\u00fcr die \u00dcbergabe der Sportabzeichen bleibt es aber bei dem Termin. Bitte merkt euch weiterhin vor<\/p>\n\n\n\n<p><strong>Dienstag, den 11.11.2025 &#8211; 19 Uhr&nbsp;<\/strong><\/p>\n\n\n\n<p><strong>Ort: Vereinsheim \/ Sportplatz Waldstadion, Sensenfeld 96, Kirchhellen<\/strong><\/p>\n\n\n\n<p>Wir bitten h\u00f6flich, die kurzfristige Absage \/ \u00c4nderung zu entschuldigen!<\/p>\n\n\n\n<p>Vorstand der Abteilung Breitensport<\/p>\n\n\n\n<figure class=\"wp-block-gallery has-nested-images columns-default is-cropped wp-block-gallery-1 is-layout-flex wp-block-gallery-is-layout-flex\">\n<figure class=\"wp-block-image size-large\"><a href=\"https:\/\/www.vfl-grafenwald.de\/wp-content\/uploads\/2025\/10\/Herbstfest-Breitensport-2025-2.1.jpeg\"><img loading=\"lazy\" decoding=\"async\" width=\"724\" height=\"1024\" data-id=\"3427\" src=\"https:\/\/www.vfl-grafenwald.de\/wp-content\/uploads\/2025\/10\/Herbstfest-Breitensport-2025-2.1-724x1024.jpeg\" alt=\"\" class=\"wp-image-3427\" srcset=\"https:\/\/www.vfl-grafenwald.de\/wp-content\/uploads\/2025\/10\/Herbstfest-Breitensport-2025-2.1-724x1024.jpeg 724w, https:\/\/www.vfl-grafenwald.de\/wp-content\/uploads\/2025\/10\/Herbstfest-Breitensport-2025-2.1-212x300.jpeg 212w, https:\/\/www.vfl-grafenwald.de\/wp-content\/uploads\/2025\/10\/Herbstfest-Breitensport-2025-2.1-768x1086.jpeg 768w, https:\/\/www.vfl-grafenwald.de\/wp-content\/uploads\/2025\/10\/Herbstfest-Breitensport-2025-2.1-1086x1536.jpeg 1086w, https:\/\/www.vfl-grafenwald.de\/wp-content\/uploads\/2025\/10\/Herbstfest-Breitensport-2025-2.1.jpeg 1190w\" sizes=\"auto, (max-width: 724px) 100vw, 724px\" \/><\/a><\/figure>\n<\/figure>\n","protected":false},"excerpt":{"rendered":"<p>Liebe Mitglieder der Abteilung Breitensport! Der Vorstand bedauert sehr euch mitzuteilen, dass aus organisatorischen Gr\u00fcnden leider unser diesj\u00e4hriges Herbstfest entfallen muss. Am 11.11.2025 findet kein Herbstfest der Abteilung Breitensport statt. F\u00fcr die \u00dcbergabe der Sportabzeichen bleibt es aber bei dem &hellip; <a href=\"https:\/\/www.vfl-grafenwald.de\/?p=3428\">Weiterlesen <span class=\"meta-nav\">&rarr;<\/span><\/a><\/p>\n","protected":false},"author":7,"featured_media":0,"comment_status":"closed","ping_status":"closed","sticky":false,"template":"","format":"standard","meta":{"footnotes":""},"categories":[7],"tags":[79],"class_list":["post-3428","post","type-post","status-publish","format-standard","hentry","category-breitensport","tag-herbstfest-breitensport"],"_links":{"self":[{"href":"https:\/\/www.vfl-grafenwald.de\/index.php?rest_route=\/wp\/v2\/posts\/3428","targetHints":{"allow":["GET"]}}],"collection":[{"href":"https:\/\/www.vfl-grafenwald.de\/index.php?rest_route=\/wp\/v2\/posts"}],"about":[{"href":"https:\/\/www.vfl-grafenwald.de\/index.php?rest_route=\/wp\/v2\/types\/post"}],"author":[{"embeddable":true,"href":"https:\/\/www.vfl-grafenwald.de\/index.php?rest_route=\/wp\/v2\/users\/7"}],"replies":[{"embeddable":true,"href":"https:\/\/www.vfl-grafenwald.de\/index.php?rest_route=%2Fwp%2Fv2%2Fcomments&post=3428"}],"version-history":[{"count":11,"href":"https:\/\/www.vfl-grafenwald.de\/index.php?rest_route=\/wp\/v2\/posts\/3428\/revisions"}],"predecessor-version":[{"id":3446,"href":"https:\/\/www.vfl-grafenwald.de\/index.php?rest_route=\/wp\/v2\/posts\/3428\/revisions\/3446"}],"wp:attachment":[{"href":"https:\/\/www.vfl-grafenwald.de\/index.php?rest_route=%2Fwp%2Fv2%2Fmedia&parent=3428"}],"wp:term":[{"taxonomy":"category","embeddable":true,"href":"https:\/\/www.vfl-grafenwald.de\/index.php?rest_route=%2Fwp%2Fv2%2Fcategories&post=3428"},{"taxonomy":"post_tag","embeddable":true,"href":"https:\/\/www.vfl-grafenwald.de\/index.php?rest_route=%2Fwp%2Fv2%2Ftags&post=3428"}],"curies":[{"name":"wp","href":"https:\/\/api.w.org\/{rel}","templated":true}]}}