{"id":342,"date":"2012-08-13T10:45:53","date_gmt":"2012-08-13T08:45:53","guid":{"rendered":"http:\/\/www.vfl-grafenwald.de\/?p=342"},"modified":"2013-02-26T11:12:10","modified_gmt":"2013-02-26T10:12:10","slug":"woller-fusballcamp-geht-in-die-sechste-runde","status":"publish","type":"post","link":"https:\/\/www.vfl-grafenwald.de\/?p=342","title":{"rendered":"W\u00f6ller Fu\u00dfballcamp geht in die sechste Runde"},"content":{"rendered":"<p>Am Dienstag, 14. August \u00f6ffnet das 6. W\u00f6ller Fu\u00dfballcamp seine Pforten im Waldstadion. T\u00e4glich von 10 bis 16 Uhr tummeln sich rund 70 fu\u00dfballbegeisterte M\u00e4dchen und Jungen auf unserer Sportanlage. Am Samstag, 18. August feiert das Camp seinen Abschlusstag mit Fu\u00dfballabzeichen und Grillfest. Zaung\u00e4ste sind an allen Camptagen herzlich eingeladen, uns auf der Sportanlage am Sensenfeld zu besuchen und das bunte Treiben hautnah mitzuerleben. F\u00fcr das leibliche Wohl ist nat\u00fcrlich bestens gesorgt.<\/p>\n","protected":false},"excerpt":{"rendered":"<p>Am Dienstag, 14. August \u00f6ffnet das 6. W\u00f6ller Fu\u00dfballcamp seine Pforten im Waldstadion. T\u00e4glich von 10 bis 16 Uhr tummeln sich rund 70 fu\u00dfballbegeisterte M\u00e4dchen und Jungen auf unserer Sportanlage. Am Samstag, 18. August feiert das Camp seinen Abschlusstag mit &hellip; <a href=\"https:\/\/www.vfl-grafenwald.de\/?p=342\">Weiterlesen <span class=\"meta-nav\">&rarr;<\/span><\/a><\/p>\n","protected":false},"author":4,"featured_media":0,"comment_status":"closed","ping_status":"open","sticky":false,"template":"","format":"standard","meta":{"footnotes":""},"categories":[4,1],"tags":[17,27],"class_list":["post-342","post","type-post","status-publish","format-standard","hentry","category-fussball","category-verein","tag-fusball","tag-woller-fusballcamp"],"_links":{"self":[{"href":"https:\/\/www.vfl-grafenwald.de\/index.php?rest_route=\/wp\/v2\/posts\/342","targetHints":{"allow":["GET"]}}],"collection":[{"href":"https:\/\/www.vfl-grafenwald.de\/index.php?rest_route=\/wp\/v2\/posts"}],"about":[{"href":"https:\/\/www.vfl-grafenwald.de\/index.php?rest_route=\/wp\/v2\/types\/post"}],"author":[{"embeddable":true,"href":"https:\/\/www.vfl-grafenwald.de\/index.php?rest_route=\/wp\/v2\/users\/4"}],"replies":[{"embeddable":true,"href":"https:\/\/www.vfl-grafenwald.de\/index.php?rest_route=%2Fwp%2Fv2%2Fcomments&post=342"}],"version-history":[{"count":7,"href":"https:\/\/www.vfl-grafenwald.de\/index.php?rest_route=\/wp\/v2\/posts\/342\/revisions"}],"predecessor-version":[{"id":744,"href":"https:\/\/www.vfl-grafenwald.de\/index.php?rest_route=\/wp\/v2\/posts\/342\/revisions\/744"}],"wp:attachment":[{"href":"https:\/\/www.vfl-grafenwald.de\/index.php?rest_route=%2Fwp%2Fv2%2Fmedia&parent=342"}],"wp:term":[{"taxonomy":"category","embeddable":true,"href":"https:\/\/www.vfl-grafenwald.de\/index.php?rest_route=%2Fwp%2Fv2%2Fcategories&post=342"},{"taxonomy":"post_tag","embeddable":true,"href":"https:\/\/www.vfl-grafenwald.de\/index.php?rest_route=%2Fwp%2Fv2%2Ftags&post=342"}],"curies":[{"name":"wp","href":"https:\/\/api.w.org\/{rel}","templated":true}]}}