{"id":3357,"date":"2025-05-16T18:19:00","date_gmt":"2025-05-16T16:19:00","guid":{"rendered":"https:\/\/www.vfl-grafenwald.de\/?p=3357"},"modified":"2025-05-16T18:19:39","modified_gmt":"2025-05-16T16:19:39","slug":"der-vfl-grafenwald-trauert-um-theo-kalde","status":"publish","type":"post","link":"https:\/\/www.vfl-grafenwald.de\/?p=3357","title":{"rendered":"Der VfL Grafenwald trauert um Theo Kalde"},"content":{"rendered":"\n<figure class=\"wp-block-image size-full\"><a href=\"https:\/\/www.vfl-grafenwald.de\/wp-content\/uploads\/2025\/05\/Theo-Kalde.jpeg\"><img loading=\"lazy\" decoding=\"async\" width=\"675\" height=\"900\" src=\"https:\/\/www.vfl-grafenwald.de\/wp-content\/uploads\/2025\/05\/Theo-Kalde.jpeg\" alt=\"\" class=\"wp-image-3358\" srcset=\"https:\/\/www.vfl-grafenwald.de\/wp-content\/uploads\/2025\/05\/Theo-Kalde.jpeg 675w, https:\/\/www.vfl-grafenwald.de\/wp-content\/uploads\/2025\/05\/Theo-Kalde-225x300.jpeg 225w\" sizes=\"auto, (max-width: 675px) 100vw, 675px\" \/><\/a><\/figure>\n\n\n\n<p>Liebe Mitglieder und Freunde des VfL Grafenwald,<\/p>\n\n\n\n<p>Ich darf euch heute die traurige Nachricht vom Tod unseres Gr\u00fcnders und Ehrenpr\u00e4sidenten Theo Kalde \u00fcbermitteln. Er ist nach l\u00e4ngerer Krankheit am vergangenen Sonntag, den 11. Mai 2025, kurz nach Vollendung seines 88. Geburtstages verstorben.<\/p>\n\n\n\n<p>Mit ihm verlieren wir die Pers\u00f6nlichkeit, die nicht nur 1968 den Vereinssport in unserem Ortsteil wieder zur\u00fcck in das t\u00e4gliche Leben gebracht hat, sondern der in den folgenden 30 Jahren an der Spitze des Vereins gestanden hat, und unseren VfL durch weitsichtige und vision\u00e4re Aktivit\u00e4ten zum heutigen modernen Mehrspartenverein entwickelt hat.<\/p>\n\n\n\n<p>Seit der Gr\u00fcndungsversammlung am 18. Juni 1968 hat er den Verein bis zum Jahr 1999 als Pr\u00e4sident gef\u00fchrt. In seine langj\u00e4hrige Amtszeit fielen zahlreiche Ereignisse, die den VfL zu dem Verein gemacht haben, der er heute ist &#8211; dem zweitgr\u00f6\u00dften Mehrspartenverein in Bottrop.<\/p>\n\n\n\n<p>Begonnen hat es Ende der 60-er Jahre mit der Ert\u00fcchtigung eines Ackerfeldes zum ersten Fu\u00dfballplatz, der mehr einem Sandplatz glich, und einer legend\u00e4ren Umkleidekabine in Form eines ausgedienten Eisenbahn-Waggons f\u00fcr die ersten Jahre im Spielbetrieb.<\/p>\n\n\n\n<p>1973 folgte der Bau eines Fu\u00dfballfeldes auf Asche-Basis zusammen mit einem modernen Trakt f\u00fcr Umkleidekabinen inklusive einem Jugendraum.<\/p>\n\n\n\n<p>Im Jahr 1986 wurde die Einweihung des neuen, vereinseigenen Rasenplatzes nahe am Alten Postweg gefeiert &#8211; der Beginn des Waldstadions. Dieser Platz wurde mit viel Eigeninitiative und auch f\u00fcr die damalige Zeit geringen F\u00f6rdermitteln geschaffen.<\/p>\n\n\n\n<p>Schlie\u00dflich entstand 1991 unter F\u00fchrung von Theo Kalde das jetzige Jugend- und Vereinsheim in bew\u00e4hrter Eigenregie.<\/p>\n\n\n\n<p>All diese Neuerungen bedurften einerseits einer langen und guten Vorbereitung, dem hervorragenden Teamgeist unter den VfL Mitgliedern und einem funktionierenden Netzwerk. Und das hatte Theo w\u00e4hrend seiner aktiven Zeit bei der Sparkasse Bottrop aufgebaut und permanent ausgeweitet.<\/p>\n\n\n\n<p>Gegen Ende der 90-Jahre war er es mit seinen Vorstandskollegen, der die Zeichen der Zeit erkannte, und den Wechsel von einem Fu\u00dfballverein zu einem modernen Mehrspartenverein und auch seinen eigenen Wechsel an der F\u00fchrungsspitze des Vereins vorbereitete.<\/p>\n\n\n\n<p>Lieber Theo, sowohl wir im Verein als auch der gesamte Ortsteil Grafenwald haben dir viel zu verdanken: Bewegung, Sport, Miteinander, Geselligkeit, Ortsteilentwicklung und vieles mehr!<\/p>\n\n\n\n<p>Mr. VfL &#8211; Danke f\u00fcr alles!<\/p>\n\n\n\n<p>Dr. Peter Scheidgen<\/p>\n","protected":false},"excerpt":{"rendered":"<p>Liebe Mitglieder und Freunde des VfL Grafenwald, Ich darf euch heute die traurige Nachricht vom Tod unseres Gr\u00fcnders und Ehrenpr\u00e4sidenten Theo Kalde \u00fcbermitteln. Er ist nach l\u00e4ngerer Krankheit am vergangenen Sonntag, den 11. Mai 2025, kurz nach Vollendung seines 88. &hellip; <a href=\"https:\/\/www.vfl-grafenwald.de\/?p=3357\">Weiterlesen <span class=\"meta-nav\">&rarr;<\/span><\/a><\/p>\n","protected":false},"author":4,"featured_media":0,"comment_status":"closed","ping_status":"closed","sticky":false,"template":"","format":"standard","meta":{"footnotes":""},"categories":[1],"tags":[],"class_list":["post-3357","post","type-post","status-publish","format-standard","hentry","category-verein"],"_links":{"self":[{"href":"https:\/\/www.vfl-grafenwald.de\/index.php?rest_route=\/wp\/v2\/posts\/3357","targetHints":{"allow":["GET"]}}],"collection":[{"href":"https:\/\/www.vfl-grafenwald.de\/index.php?rest_route=\/wp\/v2\/posts"}],"about":[{"href":"https:\/\/www.vfl-grafenwald.de\/index.php?rest_route=\/wp\/v2\/types\/post"}],"author":[{"embeddable":true,"href":"https:\/\/www.vfl-grafenwald.de\/index.php?rest_route=\/wp\/v2\/users\/4"}],"replies":[{"embeddable":true,"href":"https:\/\/www.vfl-grafenwald.de\/index.php?rest_route=%2Fwp%2Fv2%2Fcomments&post=3357"}],"version-history":[{"count":1,"href":"https:\/\/www.vfl-grafenwald.de\/index.php?rest_route=\/wp\/v2\/posts\/3357\/revisions"}],"predecessor-version":[{"id":3359,"href":"https:\/\/www.vfl-grafenwald.de\/index.php?rest_route=\/wp\/v2\/posts\/3357\/revisions\/3359"}],"wp:attachment":[{"href":"https:\/\/www.vfl-grafenwald.de\/index.php?rest_route=%2Fwp%2Fv2%2Fmedia&parent=3357"}],"wp:term":[{"taxonomy":"category","embeddable":true,"href":"https:\/\/www.vfl-grafenwald.de\/index.php?rest_route=%2Fwp%2Fv2%2Fcategories&post=3357"},{"taxonomy":"post_tag","embeddable":true,"href":"https:\/\/www.vfl-grafenwald.de\/index.php?rest_route=%2Fwp%2Fv2%2Ftags&post=3357"}],"curies":[{"name":"wp","href":"https:\/\/api.w.org\/{rel}","templated":true}]}}