{"id":3353,"date":"2025-05-07T14:20:46","date_gmt":"2025-05-07T12:20:46","guid":{"rendered":"https:\/\/www.vfl-grafenwald.de\/?p=3353"},"modified":"2025-05-07T14:22:14","modified_gmt":"2025-05-07T12:22:14","slug":"tag-des-maedchenfussballs-am-11-05-2025","status":"publish","type":"post","link":"https:\/\/www.vfl-grafenwald.de\/?p=3353","title":{"rendered":"Tag des M\u00e4dchenfu\u00dfballs am 11.05.2025"},"content":{"rendered":"\n<p>Der M\u00e4dchenfu\u00dfball boomt beim VfL Grafenwald. Entsprechend gl\u00fccklich und stolz sind die Verantwortlichen in der Fu\u00dfballjugendabteilung, dass der Tag des M\u00e4dchenfu\u00dfballs am kommenden Sonntag &#8211; wie auch die W\u00f6ller Mini-Olympiade &#8211; im Waldstadion am Sensenfeld stattfinden wird.<\/p>\n\n\n\n<figure class=\"wp-block-image size-large\"><a href=\"https:\/\/www.vfl-grafenwald.de\/wp-content\/uploads\/2025\/05\/2025-05-11-Tag-des-Maedchenfussballs.jpg\"><img loading=\"lazy\" decoding=\"async\" width=\"724\" height=\"1024\" src=\"https:\/\/www.vfl-grafenwald.de\/wp-content\/uploads\/2025\/05\/2025-05-11-Tag-des-Maedchenfussballs-724x1024.jpg\" alt=\"\" class=\"wp-image-3354\" srcset=\"https:\/\/www.vfl-grafenwald.de\/wp-content\/uploads\/2025\/05\/2025-05-11-Tag-des-Maedchenfussballs-724x1024.jpg 724w, https:\/\/www.vfl-grafenwald.de\/wp-content\/uploads\/2025\/05\/2025-05-11-Tag-des-Maedchenfussballs-212x300.jpg 212w, https:\/\/www.vfl-grafenwald.de\/wp-content\/uploads\/2025\/05\/2025-05-11-Tag-des-Maedchenfussballs-768x1086.jpg 768w, https:\/\/www.vfl-grafenwald.de\/wp-content\/uploads\/2025\/05\/2025-05-11-Tag-des-Maedchenfussballs-1086x1536.jpg 1086w, https:\/\/www.vfl-grafenwald.de\/wp-content\/uploads\/2025\/05\/2025-05-11-Tag-des-Maedchenfussballs.jpg 1131w\" sizes=\"auto, (max-width: 724px) 100vw, 724px\" \/><\/a><\/figure>\n","protected":false},"excerpt":{"rendered":"<p>Der M\u00e4dchenfu\u00dfball boomt beim VfL Grafenwald. Entsprechend gl\u00fccklich und stolz sind die Verantwortlichen in der Fu\u00dfballjugendabteilung, dass der Tag des M\u00e4dchenfu\u00dfballs am kommenden Sonntag &#8211; wie auch die W\u00f6ller Mini-Olympiade &#8211; im Waldstadion am Sensenfeld stattfinden wird.<\/p>\n","protected":false},"author":4,"featured_media":0,"comment_status":"closed","ping_status":"closed","sticky":false,"template":"","format":"standard","meta":{"footnotes":""},"categories":[4,1],"tags":[],"class_list":["post-3353","post","type-post","status-publish","format-standard","hentry","category-fussball","category-verein"],"_links":{"self":[{"href":"https:\/\/www.vfl-grafenwald.de\/index.php?rest_route=\/wp\/v2\/posts\/3353","targetHints":{"allow":["GET"]}}],"collection":[{"href":"https:\/\/www.vfl-grafenwald.de\/index.php?rest_route=\/wp\/v2\/posts"}],"about":[{"href":"https:\/\/www.vfl-grafenwald.de\/index.php?rest_route=\/wp\/v2\/types\/post"}],"author":[{"embeddable":true,"href":"https:\/\/www.vfl-grafenwald.de\/index.php?rest_route=\/wp\/v2\/users\/4"}],"replies":[{"embeddable":true,"href":"https:\/\/www.vfl-grafenwald.de\/index.php?rest_route=%2Fwp%2Fv2%2Fcomments&post=3353"}],"version-history":[{"count":1,"href":"https:\/\/www.vfl-grafenwald.de\/index.php?rest_route=\/wp\/v2\/posts\/3353\/revisions"}],"predecessor-version":[{"id":3355,"href":"https:\/\/www.vfl-grafenwald.de\/index.php?rest_route=\/wp\/v2\/posts\/3353\/revisions\/3355"}],"wp:attachment":[{"href":"https:\/\/www.vfl-grafenwald.de\/index.php?rest_route=%2Fwp%2Fv2%2Fmedia&parent=3353"}],"wp:term":[{"taxonomy":"category","embeddable":true,"href":"https:\/\/www.vfl-grafenwald.de\/index.php?rest_route=%2Fwp%2Fv2%2Fcategories&post=3353"},{"taxonomy":"post_tag","embeddable":true,"href":"https:\/\/www.vfl-grafenwald.de\/index.php?rest_route=%2Fwp%2Fv2%2Ftags&post=3353"}],"curies":[{"name":"wp","href":"https:\/\/api.w.org\/{rel}","templated":true}]}}