{"id":3325,"date":"2025-02-16T19:31:33","date_gmt":"2025-02-16T18:31:33","guid":{"rendered":"https:\/\/www.vfl-grafenwald.de\/?p=3325"},"modified":"2025-02-16T19:32:04","modified_gmt":"2025-02-16T18:32:04","slug":"ehrung-fuer-langjaehrige-verdienste","status":"publish","type":"post","link":"https:\/\/www.vfl-grafenwald.de\/?p=3325","title":{"rendered":"Ehrung f\u00fcr langj\u00e4hrige Verdienste"},"content":{"rendered":"\n<p>Den Pr\u00e4sidiumsmitgliedern des VfL Grafenwald, Herr Dr. Peter Scheidgen und Herr Ralf Scholz war es eine Ehre, am Ende der diesj\u00e4hrigen Delegiertenversammlung langj\u00e4hrige, verdiente Mitglieder f\u00fcr \u00fcber 25 j\u00e4hrige T\u00e4tigkeit in verschiedenen \u00c4mtern und Funktionen zu ehren. Im Bild v. l. n. r: Ralf Scholz, Birgitt Schuhknecht, Dr. Peter Scheidgen, Peter Hahn und Brigitte Hahn.<\/p>\n\n\n\n<figure class=\"wp-block-image size-large\"><a href=\"https:\/\/www.vfl-grafenwald.de\/wp-content\/uploads\/2025\/02\/Bild.png\"><img loading=\"lazy\" decoding=\"async\" width=\"1024\" height=\"576\" src=\"https:\/\/www.vfl-grafenwald.de\/wp-content\/uploads\/2025\/02\/Bild-1024x576.png\" alt=\"\" class=\"wp-image-3326\" srcset=\"https:\/\/www.vfl-grafenwald.de\/wp-content\/uploads\/2025\/02\/Bild-1024x576.png 1024w, https:\/\/www.vfl-grafenwald.de\/wp-content\/uploads\/2025\/02\/Bild-300x169.png 300w, https:\/\/www.vfl-grafenwald.de\/wp-content\/uploads\/2025\/02\/Bild-768x432.png 768w, https:\/\/www.vfl-grafenwald.de\/wp-content\/uploads\/2025\/02\/Bild-1536x864.png 1536w, https:\/\/www.vfl-grafenwald.de\/wp-content\/uploads\/2025\/02\/Bild-2048x1152.png 2048w, https:\/\/www.vfl-grafenwald.de\/wp-content\/uploads\/2025\/02\/Bild-500x281.png 500w\" sizes=\"auto, (max-width: 1024px) 100vw, 1024px\" \/><\/a><\/figure>\n","protected":false},"excerpt":{"rendered":"<p>Den Pr\u00e4sidiumsmitgliedern des VfL Grafenwald, Herr Dr. Peter Scheidgen und Herr Ralf Scholz war es eine Ehre, am Ende der diesj\u00e4hrigen Delegiertenversammlung langj\u00e4hrige, verdiente Mitglieder f\u00fcr \u00fcber 25 j\u00e4hrige T\u00e4tigkeit in verschiedenen \u00c4mtern und Funktionen zu ehren. Im Bild v. &hellip; <a href=\"https:\/\/www.vfl-grafenwald.de\/?p=3325\">Weiterlesen <span class=\"meta-nav\">&rarr;<\/span><\/a><\/p>\n","protected":false},"author":7,"featured_media":0,"comment_status":"closed","ping_status":"closed","sticky":false,"template":"","format":"standard","meta":{"footnotes":""},"categories":[1],"tags":[],"class_list":["post-3325","post","type-post","status-publish","format-standard","hentry","category-verein"],"_links":{"self":[{"href":"https:\/\/www.vfl-grafenwald.de\/index.php?rest_route=\/wp\/v2\/posts\/3325","targetHints":{"allow":["GET"]}}],"collection":[{"href":"https:\/\/www.vfl-grafenwald.de\/index.php?rest_route=\/wp\/v2\/posts"}],"about":[{"href":"https:\/\/www.vfl-grafenwald.de\/index.php?rest_route=\/wp\/v2\/types\/post"}],"author":[{"embeddable":true,"href":"https:\/\/www.vfl-grafenwald.de\/index.php?rest_route=\/wp\/v2\/users\/7"}],"replies":[{"embeddable":true,"href":"https:\/\/www.vfl-grafenwald.de\/index.php?rest_route=%2Fwp%2Fv2%2Fcomments&post=3325"}],"version-history":[{"count":2,"href":"https:\/\/www.vfl-grafenwald.de\/index.php?rest_route=\/wp\/v2\/posts\/3325\/revisions"}],"predecessor-version":[{"id":3328,"href":"https:\/\/www.vfl-grafenwald.de\/index.php?rest_route=\/wp\/v2\/posts\/3325\/revisions\/3328"}],"wp:attachment":[{"href":"https:\/\/www.vfl-grafenwald.de\/index.php?rest_route=%2Fwp%2Fv2%2Fmedia&parent=3325"}],"wp:term":[{"taxonomy":"category","embeddable":true,"href":"https:\/\/www.vfl-grafenwald.de\/index.php?rest_route=%2Fwp%2Fv2%2Fcategories&post=3325"},{"taxonomy":"post_tag","embeddable":true,"href":"https:\/\/www.vfl-grafenwald.de\/index.php?rest_route=%2Fwp%2Fv2%2Ftags&post=3325"}],"curies":[{"name":"wp","href":"https:\/\/api.w.org\/{rel}","templated":true}]}}