{"id":3300,"date":"2025-01-18T18:58:53","date_gmt":"2025-01-18T17:58:53","guid":{"rendered":"https:\/\/www.vfl-grafenwald.de\/?p=3300"},"modified":"2025-01-21T21:22:43","modified_gmt":"2025-01-21T20:22:43","slug":"ehrung-fuer-adalbert-geppert","status":"publish","type":"post","link":"https:\/\/www.vfl-grafenwald.de\/?p=3300","title":{"rendered":"Ehrung f\u00fcr Adalbert Geppert"},"content":{"rendered":"\n<p>Im Rahmen der Aktion \u201e#SPORTEHRENAMT \u00fcberrascht\u201c war es f\u00fcr Abteilungsleiterin Breitensport Brigitte Hahn (im Bild links) und \u00dcbungsleiterin der Gruppe Wirbels\u00e4ulengymnastik Marjo Queens eine Ehre, unser seit mehr als 40 Jahren im Verein t\u00e4tiges Mitglied Adalbert Geppert zu ehren.<\/p>\n\n\n\n<p>Hierzu wurde Adalbert vom Landessportbund NRW mit einer Ehrenurkunde ausgezeichnet und mit einem Pr\u00e4sente-Paket \u00fcberrascht.<\/p>\n\n\n\n<p>Als ehemaliges Vorstandsmitglied und Leiter diverser Sportgruppen liegt Adalbert nach wie vor die Gemeinschaft und der sportliche Austausch am Herzen.<\/p>\n\n\n\n<p>Der VfL hofft, dass Adalbert seine Erfahrungen noch viele Jahre den Mitgliedern zur Verf\u00fcgung stellen wird.<\/p>\n\n\n\n<figure class=\"wp-block-image size-large\"><a href=\"https:\/\/www.vfl-grafenwald.de\/wp-content\/uploads\/2025\/01\/Adlabert-Geppert-scaled.jpg\"><img loading=\"lazy\" decoding=\"async\" width=\"576\" height=\"1024\" src=\"https:\/\/www.vfl-grafenwald.de\/wp-content\/uploads\/2025\/01\/Adlabert-Geppert-576x1024.jpg\" alt=\"\" class=\"wp-image-3303\" srcset=\"https:\/\/www.vfl-grafenwald.de\/wp-content\/uploads\/2025\/01\/Adlabert-Geppert-576x1024.jpg 576w, https:\/\/www.vfl-grafenwald.de\/wp-content\/uploads\/2025\/01\/Adlabert-Geppert-169x300.jpg 169w, https:\/\/www.vfl-grafenwald.de\/wp-content\/uploads\/2025\/01\/Adlabert-Geppert-768x1365.jpg 768w, https:\/\/www.vfl-grafenwald.de\/wp-content\/uploads\/2025\/01\/Adlabert-Geppert-864x1536.jpg 864w, https:\/\/www.vfl-grafenwald.de\/wp-content\/uploads\/2025\/01\/Adlabert-Geppert-1152x2048.jpg 1152w, https:\/\/www.vfl-grafenwald.de\/wp-content\/uploads\/2025\/01\/Adlabert-Geppert-scaled.jpg 1440w\" sizes=\"auto, (max-width: 576px) 100vw, 576px\" \/><\/a><\/figure>\n\n\n\n<p><\/p>\n","protected":false},"excerpt":{"rendered":"<p>Im Rahmen der Aktion \u201e#SPORTEHRENAMT \u00fcberrascht\u201c war es f\u00fcr Abteilungsleiterin Breitensport Brigitte Hahn (im Bild links) und \u00dcbungsleiterin der Gruppe Wirbels\u00e4ulengymnastik Marjo Queens eine Ehre, unser seit mehr als 40 Jahren im Verein t\u00e4tiges Mitglied Adalbert Geppert zu ehren. Hierzu &hellip; <a href=\"https:\/\/www.vfl-grafenwald.de\/?p=3300\">Weiterlesen <span class=\"meta-nav\">&rarr;<\/span><\/a><\/p>\n","protected":false},"author":7,"featured_media":0,"comment_status":"closed","ping_status":"closed","sticky":false,"template":"","format":"standard","meta":{"footnotes":""},"categories":[7,1],"tags":[],"class_list":["post-3300","post","type-post","status-publish","format-standard","hentry","category-breitensport","category-verein"],"_links":{"self":[{"href":"https:\/\/www.vfl-grafenwald.de\/index.php?rest_route=\/wp\/v2\/posts\/3300","targetHints":{"allow":["GET"]}}],"collection":[{"href":"https:\/\/www.vfl-grafenwald.de\/index.php?rest_route=\/wp\/v2\/posts"}],"about":[{"href":"https:\/\/www.vfl-grafenwald.de\/index.php?rest_route=\/wp\/v2\/types\/post"}],"author":[{"embeddable":true,"href":"https:\/\/www.vfl-grafenwald.de\/index.php?rest_route=\/wp\/v2\/users\/7"}],"replies":[{"embeddable":true,"href":"https:\/\/www.vfl-grafenwald.de\/index.php?rest_route=%2Fwp%2Fv2%2Fcomments&post=3300"}],"version-history":[{"count":4,"href":"https:\/\/www.vfl-grafenwald.de\/index.php?rest_route=\/wp\/v2\/posts\/3300\/revisions"}],"predecessor-version":[{"id":3305,"href":"https:\/\/www.vfl-grafenwald.de\/index.php?rest_route=\/wp\/v2\/posts\/3300\/revisions\/3305"}],"wp:attachment":[{"href":"https:\/\/www.vfl-grafenwald.de\/index.php?rest_route=%2Fwp%2Fv2%2Fmedia&parent=3300"}],"wp:term":[{"taxonomy":"category","embeddable":true,"href":"https:\/\/www.vfl-grafenwald.de\/index.php?rest_route=%2Fwp%2Fv2%2Fcategories&post=3300"},{"taxonomy":"post_tag","embeddable":true,"href":"https:\/\/www.vfl-grafenwald.de\/index.php?rest_route=%2Fwp%2Fv2%2Ftags&post=3300"}],"curies":[{"name":"wp","href":"https:\/\/api.w.org\/{rel}","templated":true}]}}