{"id":329,"date":"2012-08-13T10:18:38","date_gmt":"2012-08-13T08:18:38","guid":{"rendered":"http:\/\/www.vfl-grafenwald.de\/?p=329"},"modified":"2013-02-26T11:12:10","modified_gmt":"2013-02-26T10:12:10","slug":"auslosung-2-pokalrunde-hansa-scholven-vfl-grafenwald","status":"publish","type":"post","link":"https:\/\/www.vfl-grafenwald.de\/?p=329","title":{"rendered":"Auslosung 2. Pokalrunde: Hansa Scholven &#8211; VfL Grafenwald"},"content":{"rendered":"<p style=\"text-align: left;\">Die erste Mannschaft des VfL Grafenwald hat durch einen 6:4-Erfolg im Elfmeterschie\u00dfen gegen Firtinaspor die zweite Pokalrunde erreicht. Am 5. September (Ansto\u00df 19 Uhr auf der Bezirkssportanlage Baulandstra\u00dfe) m\u00fcssen die W\u00f6ller bei Ligakonkurrent Hansa Scholven antreten. In der vergangenen Saison schmissen die Gelsenkirchener den VfL bereits in der ersten Runde aus dem Wettbewerb.<\/p>\n","protected":false},"excerpt":{"rendered":"<p>Die erste Mannschaft des VfL Grafenwald hat durch einen 6:4-Erfolg im Elfmeterschie\u00dfen gegen Firtinaspor die zweite Pokalrunde erreicht. Am 5. September (Ansto\u00df 19 Uhr auf der Bezirkssportanlage Baulandstra\u00dfe) m\u00fcssen die W\u00f6ller bei Ligakonkurrent Hansa Scholven antreten. In der vergangenen Saison &hellip; <a href=\"https:\/\/www.vfl-grafenwald.de\/?p=329\">Weiterlesen <span class=\"meta-nav\">&rarr;<\/span><\/a><\/p>\n","protected":false},"author":4,"featured_media":0,"comment_status":"closed","ping_status":"open","sticky":false,"template":"","format":"standard","meta":{"footnotes":""},"categories":[4,1],"tags":[17,26],"class_list":["post-329","post","type-post","status-publish","format-standard","hentry","category-fussball","category-verein","tag-fusball","tag-pokalspiel"],"_links":{"self":[{"href":"https:\/\/www.vfl-grafenwald.de\/index.php?rest_route=\/wp\/v2\/posts\/329","targetHints":{"allow":["GET"]}}],"collection":[{"href":"https:\/\/www.vfl-grafenwald.de\/index.php?rest_route=\/wp\/v2\/posts"}],"about":[{"href":"https:\/\/www.vfl-grafenwald.de\/index.php?rest_route=\/wp\/v2\/types\/post"}],"author":[{"embeddable":true,"href":"https:\/\/www.vfl-grafenwald.de\/index.php?rest_route=\/wp\/v2\/users\/4"}],"replies":[{"embeddable":true,"href":"https:\/\/www.vfl-grafenwald.de\/index.php?rest_route=%2Fwp%2Fv2%2Fcomments&post=329"}],"version-history":[{"count":8,"href":"https:\/\/www.vfl-grafenwald.de\/index.php?rest_route=\/wp\/v2\/posts\/329\/revisions"}],"predecessor-version":[{"id":745,"href":"https:\/\/www.vfl-grafenwald.de\/index.php?rest_route=\/wp\/v2\/posts\/329\/revisions\/745"}],"wp:attachment":[{"href":"https:\/\/www.vfl-grafenwald.de\/index.php?rest_route=%2Fwp%2Fv2%2Fmedia&parent=329"}],"wp:term":[{"taxonomy":"category","embeddable":true,"href":"https:\/\/www.vfl-grafenwald.de\/index.php?rest_route=%2Fwp%2Fv2%2Fcategories&post=329"},{"taxonomy":"post_tag","embeddable":true,"href":"https:\/\/www.vfl-grafenwald.de\/index.php?rest_route=%2Fwp%2Fv2%2Ftags&post=329"}],"curies":[{"name":"wp","href":"https:\/\/api.w.org\/{rel}","templated":true}]}}