{"id":3229,"date":"2024-09-06T09:48:21","date_gmt":"2024-09-06T07:48:21","guid":{"rendered":"https:\/\/www.vfl-grafenwald.de\/?p=3229"},"modified":"2024-09-06T09:48:43","modified_gmt":"2024-09-06T07:48:43","slug":"premiere-der-woeller-mini-olympiade-ein-voller-erfolg","status":"publish","type":"post","link":"https:\/\/www.vfl-grafenwald.de\/?p=3229","title":{"rendered":"Premiere der W\u00f6ller-Mini-Olympiade ein voller Erfolg"},"content":{"rendered":"\n<figure class=\"wp-block-image size-large\"><a href=\"https:\/\/www.vfl-grafenwald.de\/wp-content\/uploads\/2024\/09\/ecN4NYTP-scaled.jpeg\"><img loading=\"lazy\" decoding=\"async\" width=\"1024\" height=\"684\" src=\"https:\/\/www.vfl-grafenwald.de\/wp-content\/uploads\/2024\/09\/ecN4NYTP-1024x684.jpeg\" alt=\"\" class=\"wp-image-3230\" srcset=\"https:\/\/www.vfl-grafenwald.de\/wp-content\/uploads\/2024\/09\/ecN4NYTP-1024x684.jpeg 1024w, https:\/\/www.vfl-grafenwald.de\/wp-content\/uploads\/2024\/09\/ecN4NYTP-300x200.jpeg 300w, https:\/\/www.vfl-grafenwald.de\/wp-content\/uploads\/2024\/09\/ecN4NYTP-768x513.jpeg 768w, https:\/\/www.vfl-grafenwald.de\/wp-content\/uploads\/2024\/09\/ecN4NYTP-1536x1025.jpeg 1536w, https:\/\/www.vfl-grafenwald.de\/wp-content\/uploads\/2024\/09\/ecN4NYTP-2048x1367.jpeg 2048w, https:\/\/www.vfl-grafenwald.de\/wp-content\/uploads\/2024\/09\/ecN4NYTP-449x300.jpeg 449w\" sizes=\"auto, (max-width: 1024px) 100vw, 1024px\" \/><\/a><\/figure>\n\n\n\n<p>Am Wochenende stand f\u00fcr den VfL Grafenwald ein umfangreiches Progamm auf dem Veranstaltungskalender. Am Sonntag richtete die Fu\u00dfballjugendabteilung mit dem ELE-Junior-Cup ein \u00fcberregionales Turnier auf seiner Sportanlage am Sensenfeld aus. Schon am Samstag fand erstmals die W\u00f6ller-Mini-Olympiade statt \u2013 und es war sehr viel mehr als ein Aufw\u00e4rmprogramm f\u00fcr den Event-erfahrenen Verein.<\/p>\n\n\n\n<p>Der VfL ist ein Mehrspartenverein und bei diesem Wettbewerb stellten die beiden mitgliedsst\u00e4rksten Abteilungen Fu\u00dfball und Breitensport ein buntes Angebot auf die Beine. Zehn Stationen forderten die drei- bis sechsj\u00e4hrigen Sportlerinnen und Sportler heraus; im Rahmenprogramm begeisterte die H\u00fcpfburg auch die \u00e4lteren Kids. Fu\u00dfballjugendleiterin Daniela F\u00e4lsch lobte die Auswahl die \u00dcbungen \u2013 und die Premiere der abteilungs\u00fcbergreifenden Kooperation: \u201cDas war eine tolle Auswahl, die unsere Breitensportler zusammengestellt haben. Wir hatten 50 Olympioniken am Start, die eine Menge Spa\u00df hatten. Und f\u00fcr Grafenwald ist die Teilnehmerzahl ein sehr sch\u00f6ner Erfolg. Und die Zusammenarbeit mit der Abteilung Breitensport war gro\u00dfartig.\u201d<\/p>\n","protected":false},"excerpt":{"rendered":"<p>Am Wochenende stand f\u00fcr den VfL Grafenwald ein umfangreiches Progamm auf dem Veranstaltungskalender. Am Sonntag richtete die Fu\u00dfballjugendabteilung mit dem ELE-Junior-Cup ein \u00fcberregionales Turnier auf seiner Sportanlage am Sensenfeld aus. Schon am Samstag fand erstmals die W\u00f6ller-Mini-Olympiade statt \u2013 und &hellip; <a href=\"https:\/\/www.vfl-grafenwald.de\/?p=3229\">Weiterlesen <span class=\"meta-nav\">&rarr;<\/span><\/a><\/p>\n","protected":false},"author":4,"featured_media":0,"comment_status":"closed","ping_status":"closed","sticky":false,"template":"","format":"standard","meta":{"footnotes":""},"categories":[7,4,1],"tags":[],"class_list":["post-3229","post","type-post","status-publish","format-standard","hentry","category-breitensport","category-fussball","category-verein"],"_links":{"self":[{"href":"https:\/\/www.vfl-grafenwald.de\/index.php?rest_route=\/wp\/v2\/posts\/3229","targetHints":{"allow":["GET"]}}],"collection":[{"href":"https:\/\/www.vfl-grafenwald.de\/index.php?rest_route=\/wp\/v2\/posts"}],"about":[{"href":"https:\/\/www.vfl-grafenwald.de\/index.php?rest_route=\/wp\/v2\/types\/post"}],"author":[{"embeddable":true,"href":"https:\/\/www.vfl-grafenwald.de\/index.php?rest_route=\/wp\/v2\/users\/4"}],"replies":[{"embeddable":true,"href":"https:\/\/www.vfl-grafenwald.de\/index.php?rest_route=%2Fwp%2Fv2%2Fcomments&post=3229"}],"version-history":[{"count":1,"href":"https:\/\/www.vfl-grafenwald.de\/index.php?rest_route=\/wp\/v2\/posts\/3229\/revisions"}],"predecessor-version":[{"id":3231,"href":"https:\/\/www.vfl-grafenwald.de\/index.php?rest_route=\/wp\/v2\/posts\/3229\/revisions\/3231"}],"wp:attachment":[{"href":"https:\/\/www.vfl-grafenwald.de\/index.php?rest_route=%2Fwp%2Fv2%2Fmedia&parent=3229"}],"wp:term":[{"taxonomy":"category","embeddable":true,"href":"https:\/\/www.vfl-grafenwald.de\/index.php?rest_route=%2Fwp%2Fv2%2Fcategories&post=3229"},{"taxonomy":"post_tag","embeddable":true,"href":"https:\/\/www.vfl-grafenwald.de\/index.php?rest_route=%2Fwp%2Fv2%2Ftags&post=3229"}],"curies":[{"name":"wp","href":"https:\/\/api.w.org\/{rel}","templated":true}]}}