{"id":3216,"date":"2025-04-24T09:00:51","date_gmt":"2025-04-24T07:00:51","guid":{"rendered":"https:\/\/www.vfl-grafenwald.de\/?p=3216"},"modified":"2025-04-25T09:20:51","modified_gmt":"2025-04-25T07:20:51","slug":"familienfest-fuer-alle-am-11-05-2025-von-14-bis-17-uhr","status":"publish","type":"post","link":"https:\/\/www.vfl-grafenwald.de\/?p=3216","title":{"rendered":"Familienfest f\u00fcr alle am 11.05.2025 von 14 bis 17 Uhr"},"content":{"rendered":"\n<p>Die <strong>W\u00f6ller-Mini-Olympiade<\/strong> startet wieder f\u00fcr die <\/p>\n\n\n\n<p>Kleinsten: 3 &#8211; 6 j\u00e4hrigen<\/p>\n\n\n\n<p>Ort: Waldstadion am Sensenfeld<\/p>\n\n\n\n<p>Seit ihr dabei? Macht mit! Wir werden f\u00fcr die Kleinsten wieder einen Olympia Parcours mit 10 Stationen aufbauen, an denen sie mit Spa\u00df und Freude an der Bewegung erste sportliche Erfolge erringen. Schnelligkeit, Beweglichkeit, Geschicklichkeit und Koordination sind hier gefragt.<\/p>\n\n\n\n<p>Euer VfL Grafenwald Team<\/p>\n\n\n\n<p><\/p>\n\n\n\n<figure class=\"wp-block-image size-large\"><a href=\"https:\/\/www.vfl-grafenwald.de\/wp-content\/uploads\/2025\/04\/463f521d-5dbc-4256-93c5-b277e3e55aaa.jpeg\"><img loading=\"lazy\" decoding=\"async\" width=\"724\" height=\"1024\" src=\"https:\/\/www.vfl-grafenwald.de\/wp-content\/uploads\/2025\/04\/463f521d-5dbc-4256-93c5-b277e3e55aaa-724x1024.jpeg\" alt=\"\" class=\"wp-image-3348\" srcset=\"https:\/\/www.vfl-grafenwald.de\/wp-content\/uploads\/2025\/04\/463f521d-5dbc-4256-93c5-b277e3e55aaa-724x1024.jpeg 724w, https:\/\/www.vfl-grafenwald.de\/wp-content\/uploads\/2025\/04\/463f521d-5dbc-4256-93c5-b277e3e55aaa-212x300.jpeg 212w, https:\/\/www.vfl-grafenwald.de\/wp-content\/uploads\/2025\/04\/463f521d-5dbc-4256-93c5-b277e3e55aaa-768x1086.jpeg 768w, https:\/\/www.vfl-grafenwald.de\/wp-content\/uploads\/2025\/04\/463f521d-5dbc-4256-93c5-b277e3e55aaa-1086x1536.jpeg 1086w, https:\/\/www.vfl-grafenwald.de\/wp-content\/uploads\/2025\/04\/463f521d-5dbc-4256-93c5-b277e3e55aaa.jpeg 1131w\" sizes=\"auto, (max-width: 724px) 100vw, 724px\" \/><\/a><\/figure>\n","protected":false},"excerpt":{"rendered":"<p>Die W\u00f6ller-Mini-Olympiade startet wieder f\u00fcr die Kleinsten: 3 &#8211; 6 j\u00e4hrigen Ort: Waldstadion am Sensenfeld Seit ihr dabei? Macht mit! Wir werden f\u00fcr die Kleinsten wieder einen Olympia Parcours mit 10 Stationen aufbauen, an denen sie mit Spa\u00df und Freude &hellip; <a href=\"https:\/\/www.vfl-grafenwald.de\/?p=3216\">Weiterlesen <span class=\"meta-nav\">&rarr;<\/span><\/a><\/p>\n","protected":false},"author":7,"featured_media":0,"comment_status":"closed","ping_status":"closed","sticky":false,"template":"","format":"standard","meta":{"footnotes":""},"categories":[7,1],"tags":[],"class_list":["post-3216","post","type-post","status-publish","format-standard","hentry","category-breitensport","category-verein"],"_links":{"self":[{"href":"https:\/\/www.vfl-grafenwald.de\/index.php?rest_route=\/wp\/v2\/posts\/3216","targetHints":{"allow":["GET"]}}],"collection":[{"href":"https:\/\/www.vfl-grafenwald.de\/index.php?rest_route=\/wp\/v2\/posts"}],"about":[{"href":"https:\/\/www.vfl-grafenwald.de\/index.php?rest_route=\/wp\/v2\/types\/post"}],"author":[{"embeddable":true,"href":"https:\/\/www.vfl-grafenwald.de\/index.php?rest_route=\/wp\/v2\/users\/7"}],"replies":[{"embeddable":true,"href":"https:\/\/www.vfl-grafenwald.de\/index.php?rest_route=%2Fwp%2Fv2%2Fcomments&post=3216"}],"version-history":[{"count":8,"href":"https:\/\/www.vfl-grafenwald.de\/index.php?rest_route=\/wp\/v2\/posts\/3216\/revisions"}],"predecessor-version":[{"id":3351,"href":"https:\/\/www.vfl-grafenwald.de\/index.php?rest_route=\/wp\/v2\/posts\/3216\/revisions\/3351"}],"wp:attachment":[{"href":"https:\/\/www.vfl-grafenwald.de\/index.php?rest_route=%2Fwp%2Fv2%2Fmedia&parent=3216"}],"wp:term":[{"taxonomy":"category","embeddable":true,"href":"https:\/\/www.vfl-grafenwald.de\/index.php?rest_route=%2Fwp%2Fv2%2Fcategories&post=3216"},{"taxonomy":"post_tag","embeddable":true,"href":"https:\/\/www.vfl-grafenwald.de\/index.php?rest_route=%2Fwp%2Fv2%2Ftags&post=3216"}],"curies":[{"name":"wp","href":"https:\/\/api.w.org\/{rel}","templated":true}]}}