{"id":3067,"date":"2023-12-26T10:35:00","date_gmt":"2023-12-26T09:35:00","guid":{"rendered":"https:\/\/www.vfl-grafenwald.de\/?p=3067"},"modified":"2024-05-01T20:06:57","modified_gmt":"2024-05-01T18:06:57","slug":"nordic-walking-walking-beim-vfl-grafenwald","status":"publish","type":"post","link":"https:\/\/www.vfl-grafenwald.de\/?p=3067","title":{"rendered":"Nordic Walking \/\u00a0Walking  beim VfL Grafenwald"},"content":{"rendered":"\n<p><strong>Starte das Jahr 2024 mit regelm\u00e4\u00dfiger sportlicher Bet\u00e4tigung. Die Abteilung BREITENSPORT l\u00e4dt neue Interessierte zu den Nordic Walking bzw. Walking-Angeboten ein.<\/strong><\/p>\n\n\n\n<p>Durch diese regelm\u00e4\u00dfige sportliche Bet\u00e4tigung wird&nbsp;<\/p>\n\n\n\n<ul class=\"wp-block-list\">\n<li>die Ausdauer gef\u00f6rdert<\/li>\n\n\n\n<li>ein Gro\u00dfteil der K\u00f6rpermuskulatur gest\u00f6rt und<\/li>\n\n\n\n<li>das Herz-\/Kreislaufsystem positiv beeinflusst<\/li>\n<\/ul>\n\n\n\n<p>Au\u00dferdem macht es Spa\u00df, eineinhalb Stunden mit Gleichgesinnten die sch\u00f6ne Natur rund um Grafenwald zu&nbsp;erleben.<\/p>\n\n\n\n<p>Das seit Jahren bestehende Angebot wird von einer erfahrenen \u00dcbungsleiterin begleitet.<\/p>\n\n\n\n<p><strong>Zeiten<\/strong>:<\/p>\n\n\n\n<ul class=\"wp-block-list\">\n<li>dienstags      9:00 bis 10:30 Uhr<\/li>\n\n\n\n<li>donnerstags. 9:00 bis 10:30 Uhr<\/li>\n\n\n\n<li><strong>Achtung<\/strong>: Dieses Training findet bei (fast) jedem Wetter statt. <\/li>\n<\/ul>\n\n\n\n<p><strong>Treffpunkt<\/strong>:<\/p>\n\n\n\n<p>Grafenwald:  Prozessionsweg\/Ecke Friedensstra\u00dfe<\/p>\n\n\n\n<p><strong>Anmeldung bei:<\/strong><\/p>\n\n\n\n<ul class=\"wp-block-list\">\n<li>Monika Diekmann      Tel. 02045 81168<\/li>\n\n\n\n<li>Brigitte Hahn              Tel. 02045 5029<\/li>\n<\/ul>\n\n\n\n<p>Sportliche Gr\u00fc\u00dfe<\/p>\n\n\n\n<p>Brigitte Hahn (Abteilungsleiterin)<\/p>\n\n\n\n<p><\/p>\n\n\n\n<p><\/p>\n\n\n\n<p><\/p>\n\n\n\n<p><\/p>\n","protected":false},"excerpt":{"rendered":"<p>Starte das Jahr 2024 mit regelm\u00e4\u00dfiger sportlicher Bet\u00e4tigung. Die Abteilung BREITENSPORT l\u00e4dt neue Interessierte zu den Nordic Walking bzw. Walking-Angeboten ein. Durch diese regelm\u00e4\u00dfige sportliche Bet\u00e4tigung wird&nbsp; Au\u00dferdem macht es Spa\u00df, eineinhalb Stunden mit Gleichgesinnten die sch\u00f6ne Natur rund um &hellip; <a href=\"https:\/\/www.vfl-grafenwald.de\/?p=3067\">Weiterlesen <span class=\"meta-nav\">&rarr;<\/span><\/a><\/p>\n","protected":false},"author":7,"featured_media":0,"comment_status":"closed","ping_status":"closed","sticky":false,"template":"","format":"standard","meta":{"footnotes":""},"categories":[7],"tags":[40,75],"class_list":["post-3067","post","type-post","status-publish","format-standard","hentry","category-breitensport","tag-nordic-walking","tag-walking"],"_links":{"self":[{"href":"https:\/\/www.vfl-grafenwald.de\/index.php?rest_route=\/wp\/v2\/posts\/3067","targetHints":{"allow":["GET"]}}],"collection":[{"href":"https:\/\/www.vfl-grafenwald.de\/index.php?rest_route=\/wp\/v2\/posts"}],"about":[{"href":"https:\/\/www.vfl-grafenwald.de\/index.php?rest_route=\/wp\/v2\/types\/post"}],"author":[{"embeddable":true,"href":"https:\/\/www.vfl-grafenwald.de\/index.php?rest_route=\/wp\/v2\/users\/7"}],"replies":[{"embeddable":true,"href":"https:\/\/www.vfl-grafenwald.de\/index.php?rest_route=%2Fwp%2Fv2%2Fcomments&post=3067"}],"version-history":[{"count":10,"href":"https:\/\/www.vfl-grafenwald.de\/index.php?rest_route=\/wp\/v2\/posts\/3067\/revisions"}],"predecessor-version":[{"id":3181,"href":"https:\/\/www.vfl-grafenwald.de\/index.php?rest_route=\/wp\/v2\/posts\/3067\/revisions\/3181"}],"wp:attachment":[{"href":"https:\/\/www.vfl-grafenwald.de\/index.php?rest_route=%2Fwp%2Fv2%2Fmedia&parent=3067"}],"wp:term":[{"taxonomy":"category","embeddable":true,"href":"https:\/\/www.vfl-grafenwald.de\/index.php?rest_route=%2Fwp%2Fv2%2Fcategories&post=3067"},{"taxonomy":"post_tag","embeddable":true,"href":"https:\/\/www.vfl-grafenwald.de\/index.php?rest_route=%2Fwp%2Fv2%2Ftags&post=3067"}],"curies":[{"name":"wp","href":"https:\/\/api.w.org\/{rel}","templated":true}]}}