{"id":2985,"date":"2023-05-27T08:02:27","date_gmt":"2023-05-27T06:02:27","guid":{"rendered":"https:\/\/www.vfl-grafenwald.de\/?p=2985"},"modified":"2023-06-27T17:52:58","modified_gmt":"2023-06-27T15:52:58","slug":"gross-im-kommen-juniorinnen-und-a-jugend-in-der-abteilung-fussball","status":"publish","type":"post","link":"https:\/\/www.vfl-grafenwald.de\/?p=2985","title":{"rendered":"Gro\u00df im Kommen: Juniorinnen und A-Jugend in der Abteilung Fu\u00dfball"},"content":{"rendered":"\n<p>Es ist schon einige Jahre her, dass die Fu\u00dfballabteilung des VfL Grafenwald Mannschaften aller Altersklassen im Jugendfu\u00dfball stellen konnte. In der kommenden Saison ist es -endlich! &#8211; wieder so weit. Durch gro\u00dfes Engagement und ideenreiche Aktionen der W\u00f6ller fanden viele Nachwuchskicker ihren Weg ins Waldstadion am Sensenfeld. Und die Tore stehen weiterhin offen:<\/p>\n\n\n\n<p><strong>M\u00e4dchenfu\u00dfball<\/strong>: Noch bis zu den Sommerferien bietet der VfL ein offenes Fu\u00dfballtraining f\u00fcr alle fu\u00dfballbegeisterten M\u00e4dchen an &#8211; und nat\u00fcrlich auch f\u00fcr die, die diesen sch\u00f6nen Mannschaftssport einfach mal ausprobieren m\u00f6chten. Eine vorherige Anmeldung ist nicht n\u00f6tig. Das Training findet statt:<\/p>\n\n\n\n<p><strong>Freitags ab 18 Uhr &#8211; Waldstadion am Sensenfeld<\/strong><\/p>\n\n\n\n<p><strong>A-Junioren<\/strong>: F\u00fcr die Jahrg\u00e4nge 2005 &#8211; 2006 wird es ein Sichtungstraining f\u00fcr die A-Jugendmannschaft des VfL in der kommenden Saison geben. Alle Interessierten sind herzlich willkommen &#8211; auch ohne vorherige Anmeldung. Das Sichtungstraining findet statt:<\/p>\n\n\n\n<p><strong>Donnerstag, 1. Juni, 19.30 bis 21 Uhr &#8211; Waldstadion am Sensenfeld<\/strong><\/p>\n\n\n\n<p><strong>Ein wichtiger Hinweis<\/strong>: Spielerinnen und Spieler, die bereits in einem anderen Verein angemeldet sind, ben\u00f6tigen &#8211; falls sie an diesen Trainingseinheiten mitmachen m\u00f6chten &#8211; eine Einverst\u00e4ndniserkl\u00e4rung ihres Vereins. Ansonsten ist die Teilnahme kostenlos und auch v\u00f6llig unverbindlich. Ein Probetraining ist unter diesen Voraussetzungen nat\u00fcrlich bei allen anderen Fu\u00dfballmannschaften des VfL m\u00f6glich.<\/p>\n","protected":false},"excerpt":{"rendered":"<p>Es ist schon einige Jahre her, dass die Fu\u00dfballabteilung des VfL Grafenwald Mannschaften aller Altersklassen im Jugendfu\u00dfball stellen konnte. In der kommenden Saison ist es -endlich! &#8211; wieder so weit. Durch gro\u00dfes Engagement und ideenreiche Aktionen der W\u00f6ller fanden viele &hellip; <a href=\"https:\/\/www.vfl-grafenwald.de\/?p=2985\">Weiterlesen <span class=\"meta-nav\">&rarr;<\/span><\/a><\/p>\n","protected":false},"author":4,"featured_media":0,"comment_status":"closed","ping_status":"closed","sticky":false,"template":"","format":"standard","meta":{"footnotes":""},"categories":[4,1],"tags":[17,22],"class_list":["post-2985","post","type-post","status-publish","format-standard","hentry","category-fussball","category-verein","tag-fusball","tag-jugend"],"_links":{"self":[{"href":"https:\/\/www.vfl-grafenwald.de\/index.php?rest_route=\/wp\/v2\/posts\/2985","targetHints":{"allow":["GET"]}}],"collection":[{"href":"https:\/\/www.vfl-grafenwald.de\/index.php?rest_route=\/wp\/v2\/posts"}],"about":[{"href":"https:\/\/www.vfl-grafenwald.de\/index.php?rest_route=\/wp\/v2\/types\/post"}],"author":[{"embeddable":true,"href":"https:\/\/www.vfl-grafenwald.de\/index.php?rest_route=\/wp\/v2\/users\/4"}],"replies":[{"embeddable":true,"href":"https:\/\/www.vfl-grafenwald.de\/index.php?rest_route=%2Fwp%2Fv2%2Fcomments&post=2985"}],"version-history":[{"count":5,"href":"https:\/\/www.vfl-grafenwald.de\/index.php?rest_route=\/wp\/v2\/posts\/2985\/revisions"}],"predecessor-version":[{"id":2990,"href":"https:\/\/www.vfl-grafenwald.de\/index.php?rest_route=\/wp\/v2\/posts\/2985\/revisions\/2990"}],"wp:attachment":[{"href":"https:\/\/www.vfl-grafenwald.de\/index.php?rest_route=%2Fwp%2Fv2%2Fmedia&parent=2985"}],"wp:term":[{"taxonomy":"category","embeddable":true,"href":"https:\/\/www.vfl-grafenwald.de\/index.php?rest_route=%2Fwp%2Fv2%2Fcategories&post=2985"},{"taxonomy":"post_tag","embeddable":true,"href":"https:\/\/www.vfl-grafenwald.de\/index.php?rest_route=%2Fwp%2Fv2%2Ftags&post=2985"}],"curies":[{"name":"wp","href":"https:\/\/api.w.org\/{rel}","templated":true}]}}