{"id":2918,"date":"2022-12-11T13:43:46","date_gmt":"2022-12-11T12:43:46","guid":{"rendered":"https:\/\/www.vfl-grafenwald.de\/?p=2918"},"modified":"2022-12-11T13:44:23","modified_gmt":"2022-12-11T12:44:23","slug":"weisser-nikolausabend-beim-vfl-grafenwald-spende-fuer-das-kinderhospiz","status":"publish","type":"post","link":"https:\/\/www.vfl-grafenwald.de\/?p=2918","title":{"rendered":"Wei\u00dfer Nikolausabend beim VfL Grafenwald &#8211; Spende f\u00fcr das Kinderhospiz"},"content":{"rendered":"\n<p>Die Fu\u00dfballjugend des VfL Grafenwald lie\u00df eine beliebte Tradition wiederaufleben. \u00dcber 90 Nachwuchskicker feierten den Nikolausabend gemeinsam im Jugend- und Vereinsheim am Sensenfeld &#8211; und nicht nur im Heim, sondern auch auf dem Fu\u00dfballplatz. Es schneite &#8211; und f\u00fcr die Fu\u00dfballerinnen und Fu\u00dfballer gab es nach dem Programm mit Nikolausbesuch und von Seniorenspielern vorgetragenen Gedichten kein Halten mehr &#8211; raus ging es ins Freie. Schneeballschlachten und Kicken im Schneegest\u00f6ber sorgten f\u00fcr unverhofften Extraspa\u00df. Auch f\u00fcr die Eltern, die das Treiben bei lecker Gegrillten begeistert verfolgten.<\/p>\n\n\n\n<p>Organisator und Fu\u00dfballjugendleiter des VfL, J\u00f6rg Sievers, freute sich \u00fcber die gelungenen Feierlichkeiten. \u201eWir hatten eben Gl\u00fcck &#8211; und viele Helfer, bei denen ich mich im Namen der Jugendabteilung ganz herzlich bedanke. Ganz besonders freue ich mich, dass bei diesem sch\u00f6nen Fest 100 Euro als Spende f\u00fcr das Kinderhospiz zusammengekommen sind.\u201c<\/p>\n\n\n\n<figure class=\"wp-block-image size-large\"><a href=\"https:\/\/www.vfl-grafenwald.de\/wp-content\/uploads\/2022\/12\/2022-Nikolaus-VfL-2-scaled.jpg\"><img loading=\"lazy\" decoding=\"async\" width=\"1024\" height=\"766\" src=\"https:\/\/www.vfl-grafenwald.de\/wp-content\/uploads\/2022\/12\/2022-Nikolaus-VfL-2-1024x766.jpg\" alt=\"\" class=\"wp-image-2923\" srcset=\"https:\/\/www.vfl-grafenwald.de\/wp-content\/uploads\/2022\/12\/2022-Nikolaus-VfL-2-1024x766.jpg 1024w, https:\/\/www.vfl-grafenwald.de\/wp-content\/uploads\/2022\/12\/2022-Nikolaus-VfL-2-300x224.jpg 300w, https:\/\/www.vfl-grafenwald.de\/wp-content\/uploads\/2022\/12\/2022-Nikolaus-VfL-2-768x575.jpg 768w, https:\/\/www.vfl-grafenwald.de\/wp-content\/uploads\/2022\/12\/2022-Nikolaus-VfL-2-1536x1149.jpg 1536w, https:\/\/www.vfl-grafenwald.de\/wp-content\/uploads\/2022\/12\/2022-Nikolaus-VfL-2-2048x1532.jpg 2048w, https:\/\/www.vfl-grafenwald.de\/wp-content\/uploads\/2022\/12\/2022-Nikolaus-VfL-2-401x300.jpg 401w\" sizes=\"auto, (max-width: 1024px) 100vw, 1024px\" \/><\/a><\/figure>\n","protected":false},"excerpt":{"rendered":"<p>Die Fu\u00dfballjugend des VfL Grafenwald lie\u00df eine beliebte Tradition wiederaufleben. \u00dcber 90 Nachwuchskicker feierten den Nikolausabend gemeinsam im Jugend- und Vereinsheim am Sensenfeld &#8211; und nicht nur im Heim, sondern auch auf dem Fu\u00dfballplatz. Es schneite &#8211; und f\u00fcr die &hellip; <a href=\"https:\/\/www.vfl-grafenwald.de\/?p=2918\">Weiterlesen <span class=\"meta-nav\">&rarr;<\/span><\/a><\/p>\n","protected":false},"author":4,"featured_media":0,"comment_status":"closed","ping_status":"closed","sticky":false,"template":"","format":"standard","meta":{"footnotes":""},"categories":[4,1],"tags":[],"class_list":["post-2918","post","type-post","status-publish","format-standard","hentry","category-fussball","category-verein"],"_links":{"self":[{"href":"https:\/\/www.vfl-grafenwald.de\/index.php?rest_route=\/wp\/v2\/posts\/2918","targetHints":{"allow":["GET"]}}],"collection":[{"href":"https:\/\/www.vfl-grafenwald.de\/index.php?rest_route=\/wp\/v2\/posts"}],"about":[{"href":"https:\/\/www.vfl-grafenwald.de\/index.php?rest_route=\/wp\/v2\/types\/post"}],"author":[{"embeddable":true,"href":"https:\/\/www.vfl-grafenwald.de\/index.php?rest_route=\/wp\/v2\/users\/4"}],"replies":[{"embeddable":true,"href":"https:\/\/www.vfl-grafenwald.de\/index.php?rest_route=%2Fwp%2Fv2%2Fcomments&post=2918"}],"version-history":[{"count":2,"href":"https:\/\/www.vfl-grafenwald.de\/index.php?rest_route=\/wp\/v2\/posts\/2918\/revisions"}],"predecessor-version":[{"id":2924,"href":"https:\/\/www.vfl-grafenwald.de\/index.php?rest_route=\/wp\/v2\/posts\/2918\/revisions\/2924"}],"wp:attachment":[{"href":"https:\/\/www.vfl-grafenwald.de\/index.php?rest_route=%2Fwp%2Fv2%2Fmedia&parent=2918"}],"wp:term":[{"taxonomy":"category","embeddable":true,"href":"https:\/\/www.vfl-grafenwald.de\/index.php?rest_route=%2Fwp%2Fv2%2Fcategories&post=2918"},{"taxonomy":"post_tag","embeddable":true,"href":"https:\/\/www.vfl-grafenwald.de\/index.php?rest_route=%2Fwp%2Fv2%2Ftags&post=2918"}],"curies":[{"name":"wp","href":"https:\/\/api.w.org\/{rel}","templated":true}]}}