{"id":2778,"date":"2025-02-16T19:10:45","date_gmt":"2025-02-16T18:10:45","guid":{"rendered":"https:\/\/www.vfl-grafenwald.de\/?p=2778"},"modified":"2025-02-16T19:15:28","modified_gmt":"2025-02-16T18:15:28","slug":"einladung-zur-mitgliederversammlung-breitensport-2","status":"publish","type":"post","link":"https:\/\/www.vfl-grafenwald.de\/?p=2778","title":{"rendered":"Einladung zur Mitgliederversammlung der Abteilung Breitensport"},"content":{"rendered":"\n<p>Am <strong>Donnerstag<\/strong>, den <strong>20. M\u00e4rz 2025<\/strong> findet die diesj\u00e4hrige Mitgliederversammlung der Abteilung Breitensport im Vereinsheim des VfL Grafenwald, Sensenfeld 96, 46244 statt. <\/p>\n\n\n\n<p><strong>Beginn: 19:00 Uhr<\/strong><\/p>\n\n\n\n<p>Liebe Damen und Herren, liebe Sportlerinnen und Sportler,<\/p>\n\n\n\n<p>zu unserer Abteilungsversammlung lade ich Sie\/Euch herzlich ein.<\/p>\n\n\n\n<p><\/p>\n\n\n\n<p><strong>Tagesordnung<\/strong>:&nbsp;<\/p>\n\n\n\n<ol class=\"wp-block-list\">\n<li>Begr\u00fc\u00dfung, Feststellung der Beschlussf\u00e4higkeit<\/li>\n\n\n\n<li>Bestimmung des Protokollf\u00fchrers \/ der Protokollf\u00fchrerin<\/li>\n\n\n\n<li>Bericht der Abteilungsleiterin mit Aussprache<\/li>\n\n\n\n<li>Bericht des Schatzmeisters&nbsp;mit Aussprache<\/li>\n\n\n\n<li>Bericht der Kassenpr\u00fcfer<\/li>\n\n\n\n<li>Entlastung der Abteilungsleitung f\u00fcr das zur\u00fcckliegende Jahr<\/li>\n\n\n\n<li>Wahl bzw. Wiederwahl der Abteilungsdelegierten bzw. Stellvertreter (stimmberechtigt sind alle Abteilungsmitglieder ab 16. Lebensjahr) \u00a0<\/li>\n\n\n\n<li>Erh\u00f6hung der Mitgliederbeitr\u00e4ge<\/li>\n\n\n\n<li>Beratung und Beschlussfassung \u00fcber vorliegende Antr\u00e4ge (Schriftliche Einreichung hierzu bis zum 13.03.2025 zu H\u00e4nden der Abteilungsleiterin)<\/li>\n\n\n\n<li>Verschiedenes<\/li>\n<\/ol>\n\n\n\n<p>Mit sportlichen&nbsp;Gr\u00fc\u00dfen&nbsp;&nbsp;&nbsp;&nbsp;<\/p>\n\n\n\n<div class=\"wp-block-group is-nowrap is-layout-flex wp-container-core-group-is-layout-ad2f72ca wp-block-group-is-layout-flex\">\n<p>Gez. Brigitte Hahn<\/p>\n\n\n\n<p>Abteilungsleiterin Tel. 02045\/5029<\/p>\n\n\n\n<p>T\u00f6pferstr. 26, 46244 Bottrop<\/p>\n<\/div>\n\n\n\n<p><\/p>\n","protected":false},"excerpt":{"rendered":"<p>Am Donnerstag, den 20. M\u00e4rz 2025 findet die diesj\u00e4hrige Mitgliederversammlung der Abteilung Breitensport im Vereinsheim des VfL Grafenwald, Sensenfeld 96, 46244 statt. Beginn: 19:00 Uhr Liebe Damen und Herren, liebe Sportlerinnen und Sportler, zu unserer Abteilungsversammlung lade ich Sie\/Euch herzlich &hellip; <a href=\"https:\/\/www.vfl-grafenwald.de\/?p=2778\">Weiterlesen <span class=\"meta-nav\">&rarr;<\/span><\/a><\/p>\n","protected":false},"author":7,"featured_media":0,"comment_status":"closed","ping_status":"closed","sticky":false,"template":"","format":"standard","meta":{"footnotes":""},"categories":[7,1],"tags":[53,23],"class_list":["post-2778","post","type-post","status-publish","format-standard","hentry","category-breitensport","category-verein","tag-breitensport","tag-mitgliederversammlung"],"_links":{"self":[{"href":"https:\/\/www.vfl-grafenwald.de\/index.php?rest_route=\/wp\/v2\/posts\/2778","targetHints":{"allow":["GET"]}}],"collection":[{"href":"https:\/\/www.vfl-grafenwald.de\/index.php?rest_route=\/wp\/v2\/posts"}],"about":[{"href":"https:\/\/www.vfl-grafenwald.de\/index.php?rest_route=\/wp\/v2\/types\/post"}],"author":[{"embeddable":true,"href":"https:\/\/www.vfl-grafenwald.de\/index.php?rest_route=\/wp\/v2\/users\/7"}],"replies":[{"embeddable":true,"href":"https:\/\/www.vfl-grafenwald.de\/index.php?rest_route=%2Fwp%2Fv2%2Fcomments&post=2778"}],"version-history":[{"count":23,"href":"https:\/\/www.vfl-grafenwald.de\/index.php?rest_route=\/wp\/v2\/posts\/2778\/revisions"}],"predecessor-version":[{"id":3324,"href":"https:\/\/www.vfl-grafenwald.de\/index.php?rest_route=\/wp\/v2\/posts\/2778\/revisions\/3324"}],"wp:attachment":[{"href":"https:\/\/www.vfl-grafenwald.de\/index.php?rest_route=%2Fwp%2Fv2%2Fmedia&parent=2778"}],"wp:term":[{"taxonomy":"category","embeddable":true,"href":"https:\/\/www.vfl-grafenwald.de\/index.php?rest_route=%2Fwp%2Fv2%2Fcategories&post=2778"},{"taxonomy":"post_tag","embeddable":true,"href":"https:\/\/www.vfl-grafenwald.de\/index.php?rest_route=%2Fwp%2Fv2%2Ftags&post=2778"}],"curies":[{"name":"wp","href":"https:\/\/api.w.org\/{rel}","templated":true}]}}