{"id":2210,"date":"2021-03-03T20:11:20","date_gmt":"2021-03-03T19:11:20","guid":{"rendered":"http:\/\/www.vfl-grafenwald.de\/?p=2210"},"modified":"2021-03-03T20:12:09","modified_gmt":"2021-03-03T19:12:09","slug":"einladung-zur-fussball-abteilungsversammlung-2021","status":"publish","type":"post","link":"https:\/\/www.vfl-grafenwald.de\/?p=2210","title":{"rendered":"Einladung zur Fu\u00dfball-Abteilungsversammlung 2021"},"content":{"rendered":"\n<p>Am 26. M\u00e4rz 2021 findet die diesj\u00e4hrige Vollversammlung der Fu\u00dfballabteilung des VfL Grafenwald statt. Die Sitzung beginnt um 19 Uhr und wird online als zoom-Meeting durchgef\u00fchrt. Wer teilnehmen m\u00f6chte, erh\u00e4lt einen Zugang zum Meeting per E-Mail-Anfrage (abteilungsvorstand@vfl-grafenwald-fussball.de) oder direkt \u00fcber ein Mitglied des Abteilungsvorstandes. Neben den Jahresberichten stehen Neuwahlen auf der Tagesordnung.<\/p>\n\n\n\n<div class=\"wp-block-file\"><a href=\"http:\/\/www.vfl-grafenwald.de\/wp-content\/uploads\/2021\/03\/2021-Einladung_AV.pdf\">2021-Einladung_AV<\/a><a href=\"http:\/\/www.vfl-grafenwald.de\/wp-content\/uploads\/2021\/03\/2021-Einladung_AV.pdf\" class=\"wp-block-file__button\" download>Herunterladen<\/a><\/div>\n","protected":false},"excerpt":{"rendered":"<p>Am 26. M\u00e4rz 2021 findet die diesj\u00e4hrige Vollversammlung der Fu\u00dfballabteilung des VfL Grafenwald statt. Die Sitzung beginnt um 19 Uhr und wird online als zoom-Meeting durchgef\u00fchrt. Wer teilnehmen m\u00f6chte, erh\u00e4lt einen Zugang zum Meeting per E-Mail-Anfrage (abteilungsvorstand@vfl-grafenwald-fussball.de) oder direkt \u00fcber &hellip; <a href=\"https:\/\/www.vfl-grafenwald.de\/?p=2210\">Weiterlesen <span class=\"meta-nav\">&rarr;<\/span><\/a><\/p>\n","protected":false},"author":4,"featured_media":0,"comment_status":"closed","ping_status":"closed","sticky":false,"template":"","format":"standard","meta":{"footnotes":""},"categories":[4],"tags":[],"class_list":["post-2210","post","type-post","status-publish","format-standard","hentry","category-fussball"],"_links":{"self":[{"href":"https:\/\/www.vfl-grafenwald.de\/index.php?rest_route=\/wp\/v2\/posts\/2210","targetHints":{"allow":["GET"]}}],"collection":[{"href":"https:\/\/www.vfl-grafenwald.de\/index.php?rest_route=\/wp\/v2\/posts"}],"about":[{"href":"https:\/\/www.vfl-grafenwald.de\/index.php?rest_route=\/wp\/v2\/types\/post"}],"author":[{"embeddable":true,"href":"https:\/\/www.vfl-grafenwald.de\/index.php?rest_route=\/wp\/v2\/users\/4"}],"replies":[{"embeddable":true,"href":"https:\/\/www.vfl-grafenwald.de\/index.php?rest_route=%2Fwp%2Fv2%2Fcomments&post=2210"}],"version-history":[{"count":1,"href":"https:\/\/www.vfl-grafenwald.de\/index.php?rest_route=\/wp\/v2\/posts\/2210\/revisions"}],"predecessor-version":[{"id":2212,"href":"https:\/\/www.vfl-grafenwald.de\/index.php?rest_route=\/wp\/v2\/posts\/2210\/revisions\/2212"}],"wp:attachment":[{"href":"https:\/\/www.vfl-grafenwald.de\/index.php?rest_route=%2Fwp%2Fv2%2Fmedia&parent=2210"}],"wp:term":[{"taxonomy":"category","embeddable":true,"href":"https:\/\/www.vfl-grafenwald.de\/index.php?rest_route=%2Fwp%2Fv2%2Fcategories&post=2210"},{"taxonomy":"post_tag","embeddable":true,"href":"https:\/\/www.vfl-grafenwald.de\/index.php?rest_route=%2Fwp%2Fv2%2Ftags&post=2210"}],"curies":[{"name":"wp","href":"https:\/\/api.w.org\/{rel}","templated":true}]}}