{"id":2200,"date":"2021-01-08T16:54:26","date_gmt":"2021-01-08T15:54:26","guid":{"rendered":"http:\/\/www.vfl-grafenwald.de\/?p=2200"},"modified":"2021-01-08T16:54:51","modified_gmt":"2021-01-08T15:54:51","slug":"einladung-zum-fussballjugendtag-am-5-februar-2021","status":"publish","type":"post","link":"https:\/\/www.vfl-grafenwald.de\/?p=2200","title":{"rendered":"Einladung zum Fu\u00dfballjugendtag am 5. Februar 2021"},"content":{"rendered":"\n<p>In diesem Jahr findet der Jugendtag der Abteilung Fu\u00dfball als Videokonferenz statt. Der Termin beginnt am 5. Februar 2021 um 19.30 Uhr. Einzelheiten \u00fcber die Teilnahme und die Tagesordnung entnehmt bitte der unterstehenden Einladung. Eingeladen sind die jugendlichen Mitglieder der Abteilung, ihre Erziehungsberechtigten, die Trainer und Betreuer sowie die Mitarbeiter der Vorst\u00e4nde der Abteilung Fu\u00dfball. Auch G\u00e4ste sind herzlich willkommen.<\/p>\n\n\n\n<div class=\"wp-block-file\"><a href=\"http:\/\/www.vfl-grafenwald.de\/wp-content\/uploads\/2021\/01\/Einladung-Jugendtag-05-02-2021.pdf\">Einladung-Jugendtag-05-02-2021<\/a><a href=\"http:\/\/www.vfl-grafenwald.de\/wp-content\/uploads\/2021\/01\/Einladung-Jugendtag-05-02-2021.pdf\" class=\"wp-block-file__button\" download>Herunterladen<\/a><\/div>\n","protected":false},"excerpt":{"rendered":"<p>In diesem Jahr findet der Jugendtag der Abteilung Fu\u00dfball als Videokonferenz statt. Der Termin beginnt am 5. Februar 2021 um 19.30 Uhr. Einzelheiten \u00fcber die Teilnahme und die Tagesordnung entnehmt bitte der unterstehenden Einladung. Eingeladen sind die jugendlichen Mitglieder der &hellip; <a href=\"https:\/\/www.vfl-grafenwald.de\/?p=2200\">Weiterlesen <span class=\"meta-nav\">&rarr;<\/span><\/a><\/p>\n","protected":false},"author":4,"featured_media":0,"comment_status":"closed","ping_status":"closed","sticky":false,"template":"","format":"standard","meta":{"footnotes":""},"categories":[1],"tags":[17],"class_list":["post-2200","post","type-post","status-publish","format-standard","hentry","category-verein","tag-fusball"],"_links":{"self":[{"href":"https:\/\/www.vfl-grafenwald.de\/index.php?rest_route=\/wp\/v2\/posts\/2200","targetHints":{"allow":["GET"]}}],"collection":[{"href":"https:\/\/www.vfl-grafenwald.de\/index.php?rest_route=\/wp\/v2\/posts"}],"about":[{"href":"https:\/\/www.vfl-grafenwald.de\/index.php?rest_route=\/wp\/v2\/types\/post"}],"author":[{"embeddable":true,"href":"https:\/\/www.vfl-grafenwald.de\/index.php?rest_route=\/wp\/v2\/users\/4"}],"replies":[{"embeddable":true,"href":"https:\/\/www.vfl-grafenwald.de\/index.php?rest_route=%2Fwp%2Fv2%2Fcomments&post=2200"}],"version-history":[{"count":2,"href":"https:\/\/www.vfl-grafenwald.de\/index.php?rest_route=\/wp\/v2\/posts\/2200\/revisions"}],"predecessor-version":[{"id":2203,"href":"https:\/\/www.vfl-grafenwald.de\/index.php?rest_route=\/wp\/v2\/posts\/2200\/revisions\/2203"}],"wp:attachment":[{"href":"https:\/\/www.vfl-grafenwald.de\/index.php?rest_route=%2Fwp%2Fv2%2Fmedia&parent=2200"}],"wp:term":[{"taxonomy":"category","embeddable":true,"href":"https:\/\/www.vfl-grafenwald.de\/index.php?rest_route=%2Fwp%2Fv2%2Fcategories&post=2200"},{"taxonomy":"post_tag","embeddable":true,"href":"https:\/\/www.vfl-grafenwald.de\/index.php?rest_route=%2Fwp%2Fv2%2Ftags&post=2200"}],"curies":[{"name":"wp","href":"https:\/\/api.w.org\/{rel}","templated":true}]}}