{"id":2127,"date":"2020-03-13T19:08:51","date_gmt":"2020-03-13T18:08:51","guid":{"rendered":"http:\/\/www.vfl-grafenwald.de\/?p=2127"},"modified":"2020-03-16T13:53:15","modified_gmt":"2020-03-16T12:53:15","slug":"abteilung-fussball-trainingsbetrieb-bis-auf-weiteres-eingestellt","status":"publish","type":"post","link":"https:\/\/www.vfl-grafenwald.de\/?p=2127","title":{"rendered":"Abteilung Fu\u00dfball: Spielbetrieb eingestellt bis zum 19. April 2020 \/ Stadt schlie\u00dft Sportst\u00e4tten bis zum 19. April 2020"},"content":{"rendered":"\n<p><strong>Update 16. M\u00e4rz 2020 &#8211; Die Stadt hat heute folgende Entscheidung ver\u00f6ffentlicht:<\/strong><\/p>\n\n\n\n<p><strong><em>&#8222;Als weitere Ma\u00dfnahmen zur Eind\u00e4mmung der Corona-Virus-Pandemie werden die st\u00e4dtischen Sportst\u00e4tten (Sportpl\u00e4tze, Sporthallen und B\u00e4der) mindestens bis zum 19. April 2020 geschlossen.&#8220;<\/em><\/strong><\/p>\n\n\n\n<div class=\"wp-block-file\"><a href=\"http:\/\/www.vfl-grafenwald.de\/wp-content\/uploads\/2020\/03\/2020-03-13-VfL-Grafenwald-Trainings-und-Spielbetrieb-ruht.pdf\">2020-03-13-VfL-Grafenwald-Trainings-und-Spielbetrieb-ruht<\/a><a href=\"http:\/\/www.vfl-grafenwald.de\/wp-content\/uploads\/2020\/03\/2020-03-13-VfL-Grafenwald-Trainings-und-Spielbetrieb-ruht.pdf\" class=\"wp-block-file__button\" download>Herunterladen<\/a><\/div>\n\n\n\n<p>Liebe Sportlerinnen und Sportler, Trainer und Betreuer, liebe Eltern, liebe Freunde des VfL,<\/p>\n\n\n\n<p>am Freitagvormittag, 13. M\u00e4rz, entschloss sich der Verband Westfalen, den Spielbetrieb in seinen Fu\u00dfballligen bis zum 19. April einzustellen. Dies ist eine Ma\u00dfnahme, um die Verbreitung des Corona-Virus einzud\u00e4mmen.<\/p>\n\n\n\n<p>Die Fu\u00dfballabteilung des VfL Grafenwald hat dar\u00fcber hinaus in Abstimmung mit dem Pr\u00e4sidium entschieden<br>&#8211; den Trainingsbetrieb bis auf Weiteres ruhen zu lassen<br>&#8211; Freundschaftsspiele und Turniere nicht stattfinden zu lassen<br>&#8211; die Jahreshauptversammlungen (angek\u00fcndigt f\u00fcr den 20. M\u00e4rz &#8211; Jugend bzw. 27. M\u00e4rz &#8211; Senioren) auf einen sp\u00e4teren, noch festzulegenden Zeitpunkt zu verschieben<\/p>\n\n\n\n<p>Grundlage\ndieser Beschl\u00fcsse ist die Empfehlung bzw. Aufforderung von Beh\u00f6rden\nund Verb\u00e4nden, soziale Kontakte &#8211; so weit es geht &#8211; zu vermeiden und\nnicht unbedingt n\u00f6tige Veranstaltungen abzusagen. Diese Entscheidung\nist uns allen nicht leicht gefallen, ist unserer Einsch\u00e4tzung nach\naber die einzig m\u00f6gliche.<\/p>\n\n\n\n<p>Senioren-\nund Jugendvorstand werden mit Beh\u00f6rden und Verb\u00e4nden in Kontakt\nbleiben und euch \u00fcber weitere Entwicklungen auf dem Laufenden\nhalten. Und auch wenn die pers\u00f6nliche Begegnung in den n\u00e4chsten\nWochen nicht m\u00f6glich ist, stehen euch die Vorstandsmitglieder auf\nallen anderen Kommunikationswegen wie immer zur Verf\u00fcgung.<\/p>\n\n\n\n<p>In\ndiesem Sinne w\u00fcnschen euch die Vorst\u00e4nde der Abteilung Fu\u00dfball\nalles Gute. Bleibt oder werdet gesund.<\/p>\n\n\n\n<p><\/p>\n","protected":false},"excerpt":{"rendered":"<p>Update 16. M\u00e4rz 2020 &#8211; Die Stadt hat heute folgende Entscheidung ver\u00f6ffentlicht: &#8222;Als weitere Ma\u00dfnahmen zur Eind\u00e4mmung der Corona-Virus-Pandemie werden die st\u00e4dtischen Sportst\u00e4tten (Sportpl\u00e4tze, Sporthallen und B\u00e4der) mindestens bis zum 19. April 2020 geschlossen.&#8220; Liebe Sportlerinnen und Sportler, Trainer und &hellip; <a href=\"https:\/\/www.vfl-grafenwald.de\/?p=2127\">Weiterlesen <span class=\"meta-nav\">&rarr;<\/span><\/a><\/p>\n","protected":false},"author":4,"featured_media":0,"comment_status":"closed","ping_status":"closed","sticky":false,"template":"","format":"standard","meta":{"footnotes":""},"categories":[4,1],"tags":[],"class_list":["post-2127","post","type-post","status-publish","format-standard","hentry","category-fussball","category-verein"],"_links":{"self":[{"href":"https:\/\/www.vfl-grafenwald.de\/index.php?rest_route=\/wp\/v2\/posts\/2127","targetHints":{"allow":["GET"]}}],"collection":[{"href":"https:\/\/www.vfl-grafenwald.de\/index.php?rest_route=\/wp\/v2\/posts"}],"about":[{"href":"https:\/\/www.vfl-grafenwald.de\/index.php?rest_route=\/wp\/v2\/types\/post"}],"author":[{"embeddable":true,"href":"https:\/\/www.vfl-grafenwald.de\/index.php?rest_route=\/wp\/v2\/users\/4"}],"replies":[{"embeddable":true,"href":"https:\/\/www.vfl-grafenwald.de\/index.php?rest_route=%2Fwp%2Fv2%2Fcomments&post=2127"}],"version-history":[{"count":5,"href":"https:\/\/www.vfl-grafenwald.de\/index.php?rest_route=\/wp\/v2\/posts\/2127\/revisions"}],"predecessor-version":[{"id":2146,"href":"https:\/\/www.vfl-grafenwald.de\/index.php?rest_route=\/wp\/v2\/posts\/2127\/revisions\/2146"}],"wp:attachment":[{"href":"https:\/\/www.vfl-grafenwald.de\/index.php?rest_route=%2Fwp%2Fv2%2Fmedia&parent=2127"}],"wp:term":[{"taxonomy":"category","embeddable":true,"href":"https:\/\/www.vfl-grafenwald.de\/index.php?rest_route=%2Fwp%2Fv2%2Fcategories&post=2127"},{"taxonomy":"post_tag","embeddable":true,"href":"https:\/\/www.vfl-grafenwald.de\/index.php?rest_route=%2Fwp%2Fv2%2Ftags&post=2127"}],"curies":[{"name":"wp","href":"https:\/\/api.w.org\/{rel}","templated":true}]}}