{"id":2109,"date":"2020-02-25T13:24:11","date_gmt":"2020-02-25T12:24:11","guid":{"rendered":"http:\/\/www.vfl-grafenwald.de\/?p=2109"},"modified":"2020-03-13T21:22:27","modified_gmt":"2020-03-13T20:22:27","slug":"einladung-zum-jugendtag-2020","status":"publish","type":"post","link":"https:\/\/www.vfl-grafenwald.de\/?p=2109","title":{"rendered":"Jugendtag 2020 abgesagt"},"content":{"rendered":"\n<p>UPDATE 13. M\u00e4rz 2020 &#8211; Der Jugendtag wird auf einen sp\u00e4teren Zeitpunkt verschoben. Sobald es sinnvoller Weise m\u00f6glich ist, einen neuen Termin festzulegen, werden wir euch informieren.<\/p>\n","protected":false},"excerpt":{"rendered":"<p>UPDATE 13. M\u00e4rz 2020 &#8211; Der Jugendtag wird auf einen sp\u00e4teren Zeitpunkt verschoben. Sobald es sinnvoller Weise m\u00f6glich ist, einen neuen Termin festzulegen, werden wir euch informieren.<\/p>\n","protected":false},"author":4,"featured_media":0,"comment_status":"closed","ping_status":"closed","sticky":false,"template":"","format":"standard","meta":{"footnotes":""},"categories":[4,1],"tags":[],"class_list":["post-2109","post","type-post","status-publish","format-standard","hentry","category-fussball","category-verein"],"_links":{"self":[{"href":"https:\/\/www.vfl-grafenwald.de\/index.php?rest_route=\/wp\/v2\/posts\/2109","targetHints":{"allow":["GET"]}}],"collection":[{"href":"https:\/\/www.vfl-grafenwald.de\/index.php?rest_route=\/wp\/v2\/posts"}],"about":[{"href":"https:\/\/www.vfl-grafenwald.de\/index.php?rest_route=\/wp\/v2\/types\/post"}],"author":[{"embeddable":true,"href":"https:\/\/www.vfl-grafenwald.de\/index.php?rest_route=\/wp\/v2\/users\/4"}],"replies":[{"embeddable":true,"href":"https:\/\/www.vfl-grafenwald.de\/index.php?rest_route=%2Fwp%2Fv2%2Fcomments&post=2109"}],"version-history":[{"count":4,"href":"https:\/\/www.vfl-grafenwald.de\/index.php?rest_route=\/wp\/v2\/posts\/2109\/revisions"}],"predecessor-version":[{"id":2138,"href":"https:\/\/www.vfl-grafenwald.de\/index.php?rest_route=\/wp\/v2\/posts\/2109\/revisions\/2138"}],"wp:attachment":[{"href":"https:\/\/www.vfl-grafenwald.de\/index.php?rest_route=%2Fwp%2Fv2%2Fmedia&parent=2109"}],"wp:term":[{"taxonomy":"category","embeddable":true,"href":"https:\/\/www.vfl-grafenwald.de\/index.php?rest_route=%2Fwp%2Fv2%2Fcategories&post=2109"},{"taxonomy":"post_tag","embeddable":true,"href":"https:\/\/www.vfl-grafenwald.de\/index.php?rest_route=%2Fwp%2Fv2%2Ftags&post=2109"}],"curies":[{"name":"wp","href":"https:\/\/api.w.org\/{rel}","templated":true}]}}