{"id":2098,"date":"2020-02-18T13:46:22","date_gmt":"2020-02-18T12:46:22","guid":{"rendered":"http:\/\/www.vfl-grafenwald.de\/?p=2098"},"modified":"2020-03-13T21:24:12","modified_gmt":"2020-03-13T20:24:12","slug":"einladung-zur-fussball-abteilungsversammlung-der-senioren","status":"publish","type":"post","link":"https:\/\/www.vfl-grafenwald.de\/?p=2098","title":{"rendered":"Fu\u00dfball-Abteilungsversammlung der Senioren abgesagt"},"content":{"rendered":"\n<p>Die Abteilungsversammlung der Fu\u00dfballsenioren wird nicht am 27. M\u00e4rz stattfinden. Sobald wir sinnvollerweise einen neuen Termin festlegen k\u00f6nnen, werden wir euch informieren.<\/p>\n","protected":false},"excerpt":{"rendered":"<p>Die Abteilungsversammlung der Fu\u00dfballsenioren wird nicht am 27. M\u00e4rz stattfinden. Sobald wir sinnvollerweise einen neuen Termin festlegen k\u00f6nnen, werden wir euch informieren.<\/p>\n","protected":false},"author":4,"featured_media":0,"comment_status":"closed","ping_status":"closed","sticky":false,"template":"","format":"standard","meta":{"footnotes":""},"categories":[4,1],"tags":[],"class_list":["post-2098","post","type-post","status-publish","format-standard","hentry","category-fussball","category-verein"],"_links":{"self":[{"href":"https:\/\/www.vfl-grafenwald.de\/index.php?rest_route=\/wp\/v2\/posts\/2098","targetHints":{"allow":["GET"]}}],"collection":[{"href":"https:\/\/www.vfl-grafenwald.de\/index.php?rest_route=\/wp\/v2\/posts"}],"about":[{"href":"https:\/\/www.vfl-grafenwald.de\/index.php?rest_route=\/wp\/v2\/types\/post"}],"author":[{"embeddable":true,"href":"https:\/\/www.vfl-grafenwald.de\/index.php?rest_route=\/wp\/v2\/users\/4"}],"replies":[{"embeddable":true,"href":"https:\/\/www.vfl-grafenwald.de\/index.php?rest_route=%2Fwp%2Fv2%2Fcomments&post=2098"}],"version-history":[{"count":3,"href":"https:\/\/www.vfl-grafenwald.de\/index.php?rest_route=\/wp\/v2\/posts\/2098\/revisions"}],"predecessor-version":[{"id":2139,"href":"https:\/\/www.vfl-grafenwald.de\/index.php?rest_route=\/wp\/v2\/posts\/2098\/revisions\/2139"}],"wp:attachment":[{"href":"https:\/\/www.vfl-grafenwald.de\/index.php?rest_route=%2Fwp%2Fv2%2Fmedia&parent=2098"}],"wp:term":[{"taxonomy":"category","embeddable":true,"href":"https:\/\/www.vfl-grafenwald.de\/index.php?rest_route=%2Fwp%2Fv2%2Fcategories&post=2098"},{"taxonomy":"post_tag","embeddable":true,"href":"https:\/\/www.vfl-grafenwald.de\/index.php?rest_route=%2Fwp%2Fv2%2Ftags&post=2098"}],"curies":[{"name":"wp","href":"https:\/\/api.w.org\/{rel}","templated":true}]}}