{"id":2071,"date":"2019-10-06T17:32:27","date_gmt":"2019-10-06T15:32:27","guid":{"rendered":"http:\/\/www.vfl-grafenwald.de\/?p=2071"},"modified":"2019-10-06T17:39:14","modified_gmt":"2019-10-06T15:39:14","slug":"ergebnisse-der-sportabzeichenaktion-2019-ehrung-der-teilnehmer","status":"publish","type":"post","link":"https:\/\/www.vfl-grafenwald.de\/?p=2071","title":{"rendered":"Ergebnisse der Sportabzeichenaktion 2019 \/ Ehrung der Teilnehmer"},"content":{"rendered":"\n<p>Nach Abschlu\u00df der Sportabzeichenaktion 2019 zieht der VfL Grafenwald eine  positive Bilanz. <\/p>\n\n\n\n<p>\u2022 43 Teilnehmer waren erfolgreich . <br>\u2022 15 Teilnehmer haben das goldene Sportabzeichen erworben. <br>\u2022 27 Teilnehmer haben mit Silber \/ Bronze knapp ihre H\u00f6chstleistung nicht erreicht. <br><\/p>\n\n\n\n<p>Was besonders bemerkenswert ist :  <br>Die Kooperation mit der Grundschule Grafenwald funktioniert hervorragend.  23 Kinder haben erfolgreich ihre Leistungsf\u00e4higkeit unter Beweis gestellt. Damit hat sich die Zahl der Teilnehmer im Vergleich zum Vorjahr mehr als verdoppelt. <\/p>\n\n\n\n<p>Mit 20  erwachsenen Teilnehmern konnten der alters \u2013 und gesundheitsbedingte  Ausfall langj\u00e4hriger Teilnehmer ausgeglichen werden. Auch hier gibt es eine Zunahme des Personenkreises. Offensichtlich begleiten Eltern nicht nur ihre Kinder, sondern finden selber Spa\u00df daran, ihre Leistungsf\u00e4higkeit unter Beweis zu stellen. <\/p>\n\n\n\n<p>Ganz besonders erw\u00e4hnenswer ist die Bereitschaft von zwei m\u00e4nnlichen Teilnehmern, die Qualifikation eines Sportabzeichenpr\u00fcfers zu erwerbenm. <\/p>\n\n\n\n<p>Das l\u00e4\u00dft die \u201ealten\u201c Organisatoren der Sportabzeichenaktion hoffnungsvoll in die Zukunft blicken. Wir sind steigerungsf\u00e4hig und freuen uns, den Interessenten aus dem VfL Grafenwald aber auch den Nichtmitgliedern eine solche Gelegenheit zu bieten. <\/p>\n\n\n\n<p>Die Ehrung der Teilnehmer und \u00dcbergabe der Urkunden erfolgt zu den nachfolgenden Terminen im Vereinsheim des VfL Grafenwald  : <\/p>\n\n\n\n<p>Ehrung der Erwachsenen  : <br>Herbstfest der Breitensportabteiung <br>Mittwoch \u2013 09.10.2019 \u2013 ab 19.00 Uhr <br>Pressetermin  :  20.00 Uhr<\/p>\n\n\n\n<p>Ehrung der Kinder   : <br>Donnerstag \u2013 10.10.2019 \u2013 ab 17.00 Uhr <br>Pressetermin  :  18.00 Uhr <\/p>\n","protected":false},"excerpt":{"rendered":"<p>Nach Abschlu\u00df der Sportabzeichenaktion 2019 zieht der VfL Grafenwald eine positive Bilanz. \u2022 43 Teilnehmer waren erfolgreich . \u2022 15 Teilnehmer haben das goldene Sportabzeichen erworben. \u2022 27 Teilnehmer haben mit Silber \/ Bronze knapp ihre H\u00f6chstleistung nicht erreicht. Was &hellip; <a href=\"https:\/\/www.vfl-grafenwald.de\/?p=2071\">Weiterlesen <span class=\"meta-nav\">&rarr;<\/span><\/a><\/p>\n","protected":false},"author":1,"featured_media":0,"comment_status":"closed","ping_status":"open","sticky":false,"template":"","format":"standard","meta":{"footnotes":""},"categories":[7,1],"tags":[53,38],"class_list":["post-2071","post","type-post","status-publish","format-standard","hentry","category-breitensport","category-verein","tag-breitensport","tag-sportabzeichen"],"_links":{"self":[{"href":"https:\/\/www.vfl-grafenwald.de\/index.php?rest_route=\/wp\/v2\/posts\/2071","targetHints":{"allow":["GET"]}}],"collection":[{"href":"https:\/\/www.vfl-grafenwald.de\/index.php?rest_route=\/wp\/v2\/posts"}],"about":[{"href":"https:\/\/www.vfl-grafenwald.de\/index.php?rest_route=\/wp\/v2\/types\/post"}],"author":[{"embeddable":true,"href":"https:\/\/www.vfl-grafenwald.de\/index.php?rest_route=\/wp\/v2\/users\/1"}],"replies":[{"embeddable":true,"href":"https:\/\/www.vfl-grafenwald.de\/index.php?rest_route=%2Fwp%2Fv2%2Fcomments&post=2071"}],"version-history":[{"count":3,"href":"https:\/\/www.vfl-grafenwald.de\/index.php?rest_route=\/wp\/v2\/posts\/2071\/revisions"}],"predecessor-version":[{"id":2074,"href":"https:\/\/www.vfl-grafenwald.de\/index.php?rest_route=\/wp\/v2\/posts\/2071\/revisions\/2074"}],"wp:attachment":[{"href":"https:\/\/www.vfl-grafenwald.de\/index.php?rest_route=%2Fwp%2Fv2%2Fmedia&parent=2071"}],"wp:term":[{"taxonomy":"category","embeddable":true,"href":"https:\/\/www.vfl-grafenwald.de\/index.php?rest_route=%2Fwp%2Fv2%2Fcategories&post=2071"},{"taxonomy":"post_tag","embeddable":true,"href":"https:\/\/www.vfl-grafenwald.de\/index.php?rest_route=%2Fwp%2Fv2%2Ftags&post=2071"}],"curies":[{"name":"wp","href":"https:\/\/api.w.org\/{rel}","templated":true}]}}