{"id":2042,"date":"2019-06-26T13:29:45","date_gmt":"2019-06-26T11:29:45","guid":{"rendered":"http:\/\/www.vfl-grafenwald.de\/?p=2042"},"modified":"2019-06-27T13:17:40","modified_gmt":"2019-06-27T11:17:40","slug":"woeller-volksbank-cup-30-juni-abgesagt","status":"publish","type":"post","link":"https:\/\/www.vfl-grafenwald.de\/?p=2042","title":{"rendered":"W\u00f6ller Volksbank-Cup (30. Juni) abgesagt"},"content":{"rendered":"\n<p>Wir haben in der Turnierleitung lange \u00fcberlegt, ob wir es \nverantworten k\u00f6nnen, die Kinder bei diesen Temperaturen ein so gro\u00dfes \nund zeitlich langes Turnier spielen zu lassen.<\/p>\n\n\n\n<p>Auf Grund dessen, dass wir keine Schattenpl\u00e4tze bieten k\u00f6nnen, werden\n wir das Turnier f\u00fcr diesen Sonntag (30. Juni) absagen und zun\u00e4chst \nunbestimmt verschieben. So wie wir einen neuen Termin haben, setzen wir \nuns gern mit euch wieder in Verbindung.<\/p>\n\n\n\n<p>Sorry, aber wir glauben, es ist im Interesse der Kinder und im Sinne aller Eltern.<\/p>\n\n\n\n<p>Beste Gr\u00fc\u00dfe von<\/p>\n\n\n\n<p>Nicole Bernhart und Guido Alfes (Turnierleitung)<\/p>\n","protected":false},"excerpt":{"rendered":"<p>Wir haben in der Turnierleitung lange \u00fcberlegt, ob wir es verantworten k\u00f6nnen, die Kinder bei diesen Temperaturen ein so gro\u00dfes und zeitlich langes Turnier spielen zu lassen. Auf Grund dessen, dass wir keine Schattenpl\u00e4tze bieten k\u00f6nnen, werden wir das Turnier &hellip; <a href=\"https:\/\/www.vfl-grafenwald.de\/?p=2042\">Weiterlesen <span class=\"meta-nav\">&rarr;<\/span><\/a><\/p>\n","protected":false},"author":4,"featured_media":0,"comment_status":"closed","ping_status":"closed","sticky":false,"template":"","format":"standard","meta":{"footnotes":""},"categories":[4,1],"tags":[],"class_list":["post-2042","post","type-post","status-publish","format-standard","hentry","category-fussball","category-verein"],"_links":{"self":[{"href":"https:\/\/www.vfl-grafenwald.de\/index.php?rest_route=\/wp\/v2\/posts\/2042","targetHints":{"allow":["GET"]}}],"collection":[{"href":"https:\/\/www.vfl-grafenwald.de\/index.php?rest_route=\/wp\/v2\/posts"}],"about":[{"href":"https:\/\/www.vfl-grafenwald.de\/index.php?rest_route=\/wp\/v2\/types\/post"}],"author":[{"embeddable":true,"href":"https:\/\/www.vfl-grafenwald.de\/index.php?rest_route=\/wp\/v2\/users\/4"}],"replies":[{"embeddable":true,"href":"https:\/\/www.vfl-grafenwald.de\/index.php?rest_route=%2Fwp%2Fv2%2Fcomments&post=2042"}],"version-history":[{"count":1,"href":"https:\/\/www.vfl-grafenwald.de\/index.php?rest_route=\/wp\/v2\/posts\/2042\/revisions"}],"predecessor-version":[{"id":2043,"href":"https:\/\/www.vfl-grafenwald.de\/index.php?rest_route=\/wp\/v2\/posts\/2042\/revisions\/2043"}],"wp:attachment":[{"href":"https:\/\/www.vfl-grafenwald.de\/index.php?rest_route=%2Fwp%2Fv2%2Fmedia&parent=2042"}],"wp:term":[{"taxonomy":"category","embeddable":true,"href":"https:\/\/www.vfl-grafenwald.de\/index.php?rest_route=%2Fwp%2Fv2%2Fcategories&post=2042"},{"taxonomy":"post_tag","embeddable":true,"href":"https:\/\/www.vfl-grafenwald.de\/index.php?rest_route=%2Fwp%2Fv2%2Ftags&post=2042"}],"curies":[{"name":"wp","href":"https:\/\/api.w.org\/{rel}","templated":true}]}}