{"id":2031,"date":"2019-06-04T09:59:39","date_gmt":"2019-06-04T07:59:39","guid":{"rendered":"http:\/\/www.vfl-grafenwald.de\/?p=2031"},"modified":"2019-06-18T17:41:44","modified_gmt":"2019-06-18T15:41:44","slug":"wassenbetten-muelle-vatertagscup","status":"publish","type":"post","link":"https:\/\/www.vfl-grafenwald.de\/?p=2031","title":{"rendered":"Wassenbetten M\u00fclle Vatertagscup"},"content":{"rendered":"\n<p>Auch das 2. Turnier um den Wasserbetten M\u00fclle Vatertagscup war f\u00fcr den VfL Grafenwald und besonders f\u00fcr das Team unserer E1 ein sch\u00f6ner Erfolg. Sieben Mannschaften lieferten sich spannende und faire Duelle. Der scheidende Trainer, Ad\u00e9rito Cordeiro, hat einen sch\u00f6nen <a href=\"https:\/\/www.vfl-grafenwald-jugend.de\/#!\/team\/E1\">Bericht zum Turniertag<\/a> mit uns geteilt.<\/p>\n\n\n\n<figure class=\"wp-block-image\"><img loading=\"lazy\" decoding=\"async\" width=\"1001\" height=\"994\" src=\"http:\/\/www.vfl-grafenwald.de\/wp-content\/uploads\/2019\/06\/2019-05-30-Wasserbetten-M\u00fclle-2-1.jpg\" alt=\"\" class=\"wp-image-2032\" srcset=\"https:\/\/www.vfl-grafenwald.de\/wp-content\/uploads\/2019\/06\/2019-05-30-Wasserbetten-M\u00fclle-2-1.jpg 1001w, https:\/\/www.vfl-grafenwald.de\/wp-content\/uploads\/2019\/06\/2019-05-30-Wasserbetten-M\u00fclle-2-1-150x150.jpg 150w, https:\/\/www.vfl-grafenwald.de\/wp-content\/uploads\/2019\/06\/2019-05-30-Wasserbetten-M\u00fclle-2-1-300x298.jpg 300w, https:\/\/www.vfl-grafenwald.de\/wp-content\/uploads\/2019\/06\/2019-05-30-Wasserbetten-M\u00fclle-2-1-768x763.jpg 768w, https:\/\/www.vfl-grafenwald.de\/wp-content\/uploads\/2019\/06\/2019-05-30-Wasserbetten-M\u00fclle-2-1-302x300.jpg 302w\" sizes=\"auto, (max-width: 1001px) 100vw, 1001px\" \/><\/figure>\n","protected":false},"excerpt":{"rendered":"<p>Auch das 2. Turnier um den Wasserbetten M\u00fclle Vatertagscup war f\u00fcr den VfL Grafenwald und besonders f\u00fcr das Team unserer E1 ein sch\u00f6ner Erfolg. Sieben Mannschaften lieferten sich spannende und faire Duelle. Der scheidende Trainer, Ad\u00e9rito Cordeiro, hat einen sch\u00f6nen &hellip; <a href=\"https:\/\/www.vfl-grafenwald.de\/?p=2031\">Weiterlesen <span class=\"meta-nav\">&rarr;<\/span><\/a><\/p>\n","protected":false},"author":4,"featured_media":0,"comment_status":"closed","ping_status":"closed","sticky":false,"template":"","format":"standard","meta":{"footnotes":""},"categories":[1],"tags":[],"class_list":["post-2031","post","type-post","status-publish","format-standard","hentry","category-verein"],"_links":{"self":[{"href":"https:\/\/www.vfl-grafenwald.de\/index.php?rest_route=\/wp\/v2\/posts\/2031","targetHints":{"allow":["GET"]}}],"collection":[{"href":"https:\/\/www.vfl-grafenwald.de\/index.php?rest_route=\/wp\/v2\/posts"}],"about":[{"href":"https:\/\/www.vfl-grafenwald.de\/index.php?rest_route=\/wp\/v2\/types\/post"}],"author":[{"embeddable":true,"href":"https:\/\/www.vfl-grafenwald.de\/index.php?rest_route=\/wp\/v2\/users\/4"}],"replies":[{"embeddable":true,"href":"https:\/\/www.vfl-grafenwald.de\/index.php?rest_route=%2Fwp%2Fv2%2Fcomments&post=2031"}],"version-history":[{"count":1,"href":"https:\/\/www.vfl-grafenwald.de\/index.php?rest_route=\/wp\/v2\/posts\/2031\/revisions"}],"predecessor-version":[{"id":2033,"href":"https:\/\/www.vfl-grafenwald.de\/index.php?rest_route=\/wp\/v2\/posts\/2031\/revisions\/2033"}],"wp:attachment":[{"href":"https:\/\/www.vfl-grafenwald.de\/index.php?rest_route=%2Fwp%2Fv2%2Fmedia&parent=2031"}],"wp:term":[{"taxonomy":"category","embeddable":true,"href":"https:\/\/www.vfl-grafenwald.de\/index.php?rest_route=%2Fwp%2Fv2%2Fcategories&post=2031"},{"taxonomy":"post_tag","embeddable":true,"href":"https:\/\/www.vfl-grafenwald.de\/index.php?rest_route=%2Fwp%2Fv2%2Ftags&post=2031"}],"curies":[{"name":"wp","href":"https:\/\/api.w.org\/{rel}","templated":true}]}}