{"id":2012,"date":"2019-05-17T19:59:21","date_gmt":"2019-05-17T17:59:21","guid":{"rendered":"http:\/\/www.vfl-grafenwald.de\/?p=2012"},"modified":"2019-05-17T20:00:21","modified_gmt":"2019-05-17T18:00:21","slug":"13-woeller-fussballcamp-jetzt-anmelden","status":"publish","type":"post","link":"https:\/\/www.vfl-grafenwald.de\/?p=2012","title":{"rendered":"13. W\u00f6ller Fu\u00dfballcamp &#8211; jetzt anmelden!"},"content":{"rendered":"\n<p>Das W\u00f6ller<strong> Fu\u00dfballcamp 2019<\/strong> startet in der letzten Ferienwoche vom <strong>20.08. bis 24.08.2019<\/strong>. Das Mindestalter f\u00fcr Camperinnen und Camper ist sechs Jahre.<\/p>\n\n\n\n<p>Wer sich hierf\u00fcr anmelden m\u00f6chte, kann <a rel=\"noreferrer noopener\" href=\"https:\/\/vfl-grafenwald-jugend.de\/archive\/document\/629e8863-4a8b-4d18-9a0f-145345579e6b\" target=\"_blank\"><strong>HIER<\/strong> <\/a>das Anmeldeformular herunterladen. Einfach ausf\u00fcllen und<strong> bis sp\u00e4testens 1. Juli<\/strong> per Mail an<\/p>\n\n\n\n<p> <a href=\"mailto:vfl-grafenwald-jugend@fussball.ms\">vfl-grafenwald-jugend@fussball.ms<\/a><\/p>\n\n\n\n<p>senden. Wir hoffen, auch dieses Jahr wieder ein tolles Camp zu organisieren, und freuen uns auf euch!!!<\/p>\n","protected":false},"excerpt":{"rendered":"<p>Das W\u00f6ller Fu\u00dfballcamp 2019 startet in der letzten Ferienwoche vom 20.08. bis 24.08.2019. Das Mindestalter f\u00fcr Camperinnen und Camper ist sechs Jahre. Wer sich hierf\u00fcr anmelden m\u00f6chte, kann HIER das Anmeldeformular herunterladen. Einfach ausf\u00fcllen und bis sp\u00e4testens 1. Juli per &hellip; <a href=\"https:\/\/www.vfl-grafenwald.de\/?p=2012\">Weiterlesen <span class=\"meta-nav\">&rarr;<\/span><\/a><\/p>\n","protected":false},"author":4,"featured_media":0,"comment_status":"closed","ping_status":"closed","sticky":false,"template":"","format":"standard","meta":{"footnotes":""},"categories":[4,1],"tags":[],"class_list":["post-2012","post","type-post","status-publish","format-standard","hentry","category-fussball","category-verein"],"_links":{"self":[{"href":"https:\/\/www.vfl-grafenwald.de\/index.php?rest_route=\/wp\/v2\/posts\/2012","targetHints":{"allow":["GET"]}}],"collection":[{"href":"https:\/\/www.vfl-grafenwald.de\/index.php?rest_route=\/wp\/v2\/posts"}],"about":[{"href":"https:\/\/www.vfl-grafenwald.de\/index.php?rest_route=\/wp\/v2\/types\/post"}],"author":[{"embeddable":true,"href":"https:\/\/www.vfl-grafenwald.de\/index.php?rest_route=\/wp\/v2\/users\/4"}],"replies":[{"embeddable":true,"href":"https:\/\/www.vfl-grafenwald.de\/index.php?rest_route=%2Fwp%2Fv2%2Fcomments&post=2012"}],"version-history":[{"count":3,"href":"https:\/\/www.vfl-grafenwald.de\/index.php?rest_route=\/wp\/v2\/posts\/2012\/revisions"}],"predecessor-version":[{"id":2015,"href":"https:\/\/www.vfl-grafenwald.de\/index.php?rest_route=\/wp\/v2\/posts\/2012\/revisions\/2015"}],"wp:attachment":[{"href":"https:\/\/www.vfl-grafenwald.de\/index.php?rest_route=%2Fwp%2Fv2%2Fmedia&parent=2012"}],"wp:term":[{"taxonomy":"category","embeddable":true,"href":"https:\/\/www.vfl-grafenwald.de\/index.php?rest_route=%2Fwp%2Fv2%2Fcategories&post=2012"},{"taxonomy":"post_tag","embeddable":true,"href":"https:\/\/www.vfl-grafenwald.de\/index.php?rest_route=%2Fwp%2Fv2%2Ftags&post=2012"}],"curies":[{"name":"wp","href":"https:\/\/api.w.org\/{rel}","templated":true}]}}