{"id":1981,"date":"2019-02-18T21:15:32","date_gmt":"2019-02-18T20:15:32","guid":{"rendered":"http:\/\/www.vfl-grafenwald.de\/?p=1981"},"modified":"2019-02-18T21:17:58","modified_gmt":"2019-02-18T20:17:58","slug":"jahresversammlung-der-abteilung-fussball-am-15-maerz","status":"publish","type":"post","link":"https:\/\/www.vfl-grafenwald.de\/?p=1981","title":{"rendered":"Jahresversammlung der Abteilung Fu\u00dfball am 15. M\u00e4rz"},"content":{"rendered":"\n<p>Am 15. M\u00e4rz 2019 findet die Jahresversammlung der Abteilung Fu\u00dfball im Jugend- und Vereinsheim statt. Beginn ist um 19.30 Uhr. Bitte entnehmt die Tagesordnung der Einladung, die ihr \u00fcber den unter stehenden Link herunterladen k\u00f6nnt. Wichtig:  \u00c4nderungs- und\/oder erg\u00e4nzende Antr\u00e4ge zur Tagesordnung m\u00fcssen sp\u00e4testens sechs Tage vor der Veranstaltung beim Abteilungsvorstand eingehen.<\/p>\n\n\n\n<p><a href=\"http:\/\/www.vfl-grafenwald.de\/wp-content\/uploads\/2019\/02\/Einladung_AV_2019-1.pdf\">http:\/\/www.vfl-grafenwald.de\/wp-content\/uploads\/2019\/02\/Einladung_AV_2019-1.pdf<\/a><\/p>\n\n\n\n<p><br><\/p>\n","protected":false},"excerpt":{"rendered":"<p>Am 15. M\u00e4rz 2019 findet die Jahresversammlung der Abteilung Fu\u00dfball im Jugend- und Vereinsheim statt. Beginn ist um 19.30 Uhr. Bitte entnehmt die Tagesordnung der Einladung, die ihr \u00fcber den unter stehenden Link herunterladen k\u00f6nnt. Wichtig: \u00c4nderungs- und\/oder erg\u00e4nzende Antr\u00e4ge &hellip; <a href=\"https:\/\/www.vfl-grafenwald.de\/?p=1981\">Weiterlesen <span class=\"meta-nav\">&rarr;<\/span><\/a><\/p>\n","protected":false},"author":4,"featured_media":0,"comment_status":"closed","ping_status":"closed","sticky":false,"template":"","format":"standard","meta":{"footnotes":""},"categories":[4,1],"tags":[],"class_list":["post-1981","post","type-post","status-publish","format-standard","hentry","category-fussball","category-verein"],"_links":{"self":[{"href":"https:\/\/www.vfl-grafenwald.de\/index.php?rest_route=\/wp\/v2\/posts\/1981","targetHints":{"allow":["GET"]}}],"collection":[{"href":"https:\/\/www.vfl-grafenwald.de\/index.php?rest_route=\/wp\/v2\/posts"}],"about":[{"href":"https:\/\/www.vfl-grafenwald.de\/index.php?rest_route=\/wp\/v2\/types\/post"}],"author":[{"embeddable":true,"href":"https:\/\/www.vfl-grafenwald.de\/index.php?rest_route=\/wp\/v2\/users\/4"}],"replies":[{"embeddable":true,"href":"https:\/\/www.vfl-grafenwald.de\/index.php?rest_route=%2Fwp%2Fv2%2Fcomments&post=1981"}],"version-history":[{"count":4,"href":"https:\/\/www.vfl-grafenwald.de\/index.php?rest_route=\/wp\/v2\/posts\/1981\/revisions"}],"predecessor-version":[{"id":1986,"href":"https:\/\/www.vfl-grafenwald.de\/index.php?rest_route=\/wp\/v2\/posts\/1981\/revisions\/1986"}],"wp:attachment":[{"href":"https:\/\/www.vfl-grafenwald.de\/index.php?rest_route=%2Fwp%2Fv2%2Fmedia&parent=1981"}],"wp:term":[{"taxonomy":"category","embeddable":true,"href":"https:\/\/www.vfl-grafenwald.de\/index.php?rest_route=%2Fwp%2Fv2%2Fcategories&post=1981"},{"taxonomy":"post_tag","embeddable":true,"href":"https:\/\/www.vfl-grafenwald.de\/index.php?rest_route=%2Fwp%2Fv2%2Ftags&post=1981"}],"curies":[{"name":"wp","href":"https:\/\/api.w.org\/{rel}","templated":true}]}}