{"id":1949,"date":"2019-01-30T17:16:34","date_gmt":"2019-01-30T16:16:34","guid":{"rendered":"http:\/\/www.vfl-grafenwald.de\/?p=1949"},"modified":"2019-01-30T17:18:20","modified_gmt":"2019-01-30T16:18:20","slug":"einladung-zum-jugendtag-2019-abteilung-fussball","status":"publish","type":"post","link":"https:\/\/www.vfl-grafenwald.de\/?p=1949","title":{"rendered":"Einladung zum Jugendtag 2019 Abteilung Fu\u00dfball"},"content":{"rendered":"\n<p>Am 22. Februar findet der Jugendtag unserer Abteilung im Jugend- und Vereinsheim (Sensenfeld 96, 46244 Bottrop) statt. Die Versammlung beginnt um 18.30 Uhr. Neben den Jahresberichten des Jugendausschusses stehen Neu- bzw. Erg\u00e4nzungswahlen auf der Tagesordnung. Au\u00dferdem m\u00f6chten wir mit euch \u00fcber Entscheidungen und Entwicklungen, die die Zukunft unserer Abteilung betreffen, diskutieren. Deshalb w\u00fcrden wir uns sehr \u00fcber eine rege Teilnahme freuen. In der Einladung findet ihr die konkreten Punkte der Tagesordnung. <\/p>\n\n\n\n<div class=\"wp-block-file\"><a href=\"http:\/\/www.vfl-grafenwald.de\/wp-content\/uploads\/2019\/01\/VfL-Jugendtag_2019-02-22_Einladung.pdf\">VfL-Jugendtag_2019-02-22_Einladung<\/a><a href=\"http:\/\/www.vfl-grafenwald.de\/wp-content\/uploads\/2019\/01\/VfL-Jugendtag_2019-02-22_Einladung.pdf\" class=\"wp-block-file__button\" download>Herunterladen<\/a><\/div>\n","protected":false},"excerpt":{"rendered":"<p>Am 22. Februar findet der Jugendtag unserer Abteilung im Jugend- und Vereinsheim (Sensenfeld 96, 46244 Bottrop) statt. Die Versammlung beginnt um 18.30 Uhr. Neben den Jahresberichten des Jugendausschusses stehen Neu- bzw. Erg\u00e4nzungswahlen auf der Tagesordnung. Au\u00dferdem m\u00f6chten wir mit euch &hellip; <a href=\"https:\/\/www.vfl-grafenwald.de\/?p=1949\">Weiterlesen <span class=\"meta-nav\">&rarr;<\/span><\/a><\/p>\n","protected":false},"author":4,"featured_media":0,"comment_status":"closed","ping_status":"closed","sticky":false,"template":"","format":"standard","meta":{"footnotes":""},"categories":[1],"tags":[17,22],"class_list":["post-1949","post","type-post","status-publish","format-standard","hentry","category-verein","tag-fusball","tag-jugend"],"_links":{"self":[{"href":"https:\/\/www.vfl-grafenwald.de\/index.php?rest_route=\/wp\/v2\/posts\/1949","targetHints":{"allow":["GET"]}}],"collection":[{"href":"https:\/\/www.vfl-grafenwald.de\/index.php?rest_route=\/wp\/v2\/posts"}],"about":[{"href":"https:\/\/www.vfl-grafenwald.de\/index.php?rest_route=\/wp\/v2\/types\/post"}],"author":[{"embeddable":true,"href":"https:\/\/www.vfl-grafenwald.de\/index.php?rest_route=\/wp\/v2\/users\/4"}],"replies":[{"embeddable":true,"href":"https:\/\/www.vfl-grafenwald.de\/index.php?rest_route=%2Fwp%2Fv2%2Fcomments&post=1949"}],"version-history":[{"count":1,"href":"https:\/\/www.vfl-grafenwald.de\/index.php?rest_route=\/wp\/v2\/posts\/1949\/revisions"}],"predecessor-version":[{"id":1951,"href":"https:\/\/www.vfl-grafenwald.de\/index.php?rest_route=\/wp\/v2\/posts\/1949\/revisions\/1951"}],"wp:attachment":[{"href":"https:\/\/www.vfl-grafenwald.de\/index.php?rest_route=%2Fwp%2Fv2%2Fmedia&parent=1949"}],"wp:term":[{"taxonomy":"category","embeddable":true,"href":"https:\/\/www.vfl-grafenwald.de\/index.php?rest_route=%2Fwp%2Fv2%2Fcategories&post=1949"},{"taxonomy":"post_tag","embeddable":true,"href":"https:\/\/www.vfl-grafenwald.de\/index.php?rest_route=%2Fwp%2Fv2%2Ftags&post=1949"}],"curies":[{"name":"wp","href":"https:\/\/api.w.org\/{rel}","templated":true}]}}