{"id":1936,"date":"2018-12-13T17:16:00","date_gmt":"2018-12-13T16:16:00","guid":{"rendered":"http:\/\/www.vfl-grafenwald.de\/?p=1936"},"modified":"2018-12-13T17:17:00","modified_gmt":"2018-12-13T16:17:00","slug":"unser-dorf-haelt-zusammen-kooperation-zwischen-dem-vfb-kirchhellen-und-dem-vfl-grafenwald","status":"publish","type":"post","link":"https:\/\/www.vfl-grafenwald.de\/?p=1936","title":{"rendered":"Unser Dorf h\u00e4lt zusammen: Kooperation zwischen dem VfB Kirchhellen und dem VfL Grafenwald"},"content":{"rendered":"\n<figure class=\"wp-block-image\"><img loading=\"lazy\" decoding=\"async\" width=\"1024\" height=\"575\" src=\"http:\/\/www.vfl-grafenwald.de\/wp-content\/uploads\/2018\/12\/2018-12-12_211231_002-1024x575.jpg\" alt=\"\" class=\"wp-image-1937\" srcset=\"https:\/\/www.vfl-grafenwald.de\/wp-content\/uploads\/2018\/12\/2018-12-12_211231_002-1024x575.jpg 1024w, https:\/\/www.vfl-grafenwald.de\/wp-content\/uploads\/2018\/12\/2018-12-12_211231_002-300x169.jpg 300w, https:\/\/www.vfl-grafenwald.de\/wp-content\/uploads\/2018\/12\/2018-12-12_211231_002-768x432.jpg 768w, https:\/\/www.vfl-grafenwald.de\/wp-content\/uploads\/2018\/12\/2018-12-12_211231_002-500x281.jpg 500w\" sizes=\"auto, (max-width: 1024px) 100vw, 1024px\" \/><figcaption>von links nach rechts: Georg Garz, (Vorsitzender VfB Kirchhellen), Uwe Bromkamp (Abteilungsleiter Fu\u00dfball VfL Grafenwald), Birgitt Schuknecht (Jugendleiterin Abteilung Fu\u00dfball VfL Grafenwald), Martin Kohlhaw (Jugendleiter VfB Kirchhellen)<\/figcaption><\/figure>\n\n\n\n<p>Die Probleme, den Nachwuchs f\u00fcr das Fu\u00dfballspielen im Verein zu begeistern, sind allgemein bekannt. Nicht nur der demographische Wandel ist daf\u00fcr verantwortlich, dass Jugendabteilungen gegen den Mitgliederschwund anzuk\u00e4mpfen haben: Die Angebote im Freizeitbereich sind vielf\u00e4ltiger geworden, au\u00dferdem sind die Anforderungen durch Schule und Ausbildung zeitlich gewachsen. Beim Mannschaftssport Fu\u00dfball kommt erschwerend hinzu, dass die Kinder und Jugendlichen verbindliche Zeiten f\u00fcr Training und Spiele einhalten m\u00fcssen. Nicht jeder ist dazu bereit.<\/p>\n\n\n\n<p>Der Nachwuchs, der sich trotzdem aus vollem Herzen f\u00fcr den Fu\u00dfball entscheidet, sucht sich die besten Voraussetzungen f\u00fcr seinen Sport. Vereine mit guter Ausstattung, engagierten und qualifizierten Trainern, g\u00fcnstiger Infrastruktur und erfolgreich bzw. h\u00f6herklassig spielenden Teams haben gute Karten und gro\u00dfen Zulauf.<\/p>\n\n\n\n<p>So kann es tats\u00e4chlich zu dem Ph\u00e4nomen kommen, dass in einem Klub Mannschaften aus Spielermangel nicht gemeldet werden k\u00f6nnen, in einem anderen Klub Kinder und Jugendliche in den bestehenden Teams nicht zum Zuge kommen und schon in jungen Jahren frustrierende Erfahrungen mit dem \u201eReservistendasein\u201c machen m\u00fcssen.<\/p>\n\n\n\n<p>Der VfB Kirchhellen und der VfL Grafenwald m\u00f6chten mit ihrer Kooperation genau diese Problematik angehen und L\u00f6sungen anbieten: Alle jungen Fu\u00dfballerinnen und Fu\u00dfballer im Dorf sollen die M\u00f6glichkeit haben, ihren Lieblingssport vor Ort auszu\u00fcben. Die ersten Gespr\u00e4che fanden bereits im Fr\u00fchjahr 2018 statt, zun\u00e4chst zwischen den Vorst\u00e4nden der Fu\u00dfballjugendabteilungen; sp\u00e4ter kamen die Seniorenvorst\u00e4nde hinzu. In diesen Diskussionen wurden alle Optionen beleuchtet: In welchen Altersgruppen gibt es die beschriebenen \u201eSchieflagen\u201c? Welche verbandsrechtlichen M\u00f6glichkeiten einer Kooperation gibt es? Welche organisatorischen Voraussetzungen sind zu schaffen? Und nicht zuletzt: Wie bringen wir das Thema den Trainern, Eltern und Kindern n\u00e4her und \u00fcberzeugen sie von den Vorteilen einer Zusammenarbeit zwischen unseren Vereinen?<\/p>\n\n\n\n<p>Ende November beschlossen die Fu\u00dfballvorst\u00e4nde, in der kommenden Saison2019\/2020 eine Jugendspielgemeinschaft (JSG) f\u00fcr die Altersklasse der C-Jugend (Jahrg\u00e4nge 2005 und 2006) zu melden. Die Spielgemeinschaft wird mit zwei oder drei Mannschaften mit den Spielern des VfB Kirchhellen und des VfL Grafenwald f\u00fcr den Ligabetrieb angemeldet. Au\u00dferdem werden die beiden Klubs eine Kooperation f\u00fcr ihre Juniorinnen ins Auge fassen. Hier k\u00f6nnte die Zusammenarbeit erm\u00f6glichen, dass eine 11er-Mannschaft f\u00fcr den U17-Spielbetrieb oder zwei Mannschaften f\u00fcr verschiedene Altersklassen zu melden. Zudem kann und soll das Training der Klubs zeitlich und \u00f6rtlich optimiert werden.<\/p>\n\n\n\n<p>F\u00fcr die konkrete Umsetzung dieser Pl\u00e4ne wird eine Arbeitsgruppe gebildet. Diese wird sich mit den rechtlichen und organisatorischen Aspekten der Kooperation besch\u00e4ftigen. Durch Aktionen, auch au\u00dferhalb des Spielfeldes, sollen sich die Spielerinnen und Spieler beider Vereine schon in den kommenden Monaten kennenlernen. Denn diese Kooperation wird nur dann erfolgreich sein, wenn sie mit Leben gef\u00fcllt und von Kindern, Eltern und Trainern angenommen wird.<\/p>\n\n\n\n<p>\n<em><strong>Kirchhellen \/ Grafenwald, 12.\nDezember 2018<\/strong><\/em><\/p>\n","protected":false},"excerpt":{"rendered":"<p>Die Probleme, den Nachwuchs f\u00fcr das Fu\u00dfballspielen im Verein zu begeistern, sind allgemein bekannt. Nicht nur der demographische Wandel ist daf\u00fcr verantwortlich, dass Jugendabteilungen gegen den Mitgliederschwund anzuk\u00e4mpfen haben: Die Angebote im Freizeitbereich sind vielf\u00e4ltiger geworden, au\u00dferdem sind die Anforderungen &hellip; <a href=\"https:\/\/www.vfl-grafenwald.de\/?p=1936\">Weiterlesen <span class=\"meta-nav\">&rarr;<\/span><\/a><\/p>\n","protected":false},"author":4,"featured_media":0,"comment_status":"closed","ping_status":"closed","sticky":false,"template":"","format":"standard","meta":{"footnotes":""},"categories":[4,1],"tags":[],"class_list":["post-1936","post","type-post","status-publish","format-standard","hentry","category-fussball","category-verein"],"_links":{"self":[{"href":"https:\/\/www.vfl-grafenwald.de\/index.php?rest_route=\/wp\/v2\/posts\/1936","targetHints":{"allow":["GET"]}}],"collection":[{"href":"https:\/\/www.vfl-grafenwald.de\/index.php?rest_route=\/wp\/v2\/posts"}],"about":[{"href":"https:\/\/www.vfl-grafenwald.de\/index.php?rest_route=\/wp\/v2\/types\/post"}],"author":[{"embeddable":true,"href":"https:\/\/www.vfl-grafenwald.de\/index.php?rest_route=\/wp\/v2\/users\/4"}],"replies":[{"embeddable":true,"href":"https:\/\/www.vfl-grafenwald.de\/index.php?rest_route=%2Fwp%2Fv2%2Fcomments&post=1936"}],"version-history":[{"count":3,"href":"https:\/\/www.vfl-grafenwald.de\/index.php?rest_route=\/wp\/v2\/posts\/1936\/revisions"}],"predecessor-version":[{"id":1940,"href":"https:\/\/www.vfl-grafenwald.de\/index.php?rest_route=\/wp\/v2\/posts\/1936\/revisions\/1940"}],"wp:attachment":[{"href":"https:\/\/www.vfl-grafenwald.de\/index.php?rest_route=%2Fwp%2Fv2%2Fmedia&parent=1936"}],"wp:term":[{"taxonomy":"category","embeddable":true,"href":"https:\/\/www.vfl-grafenwald.de\/index.php?rest_route=%2Fwp%2Fv2%2Fcategories&post=1936"},{"taxonomy":"post_tag","embeddable":true,"href":"https:\/\/www.vfl-grafenwald.de\/index.php?rest_route=%2Fwp%2Fv2%2Ftags&post=1936"}],"curies":[{"name":"wp","href":"https:\/\/api.w.org\/{rel}","templated":true}]}}