{"id":1918,"date":"2018-10-25T13:43:30","date_gmt":"2018-10-25T11:43:30","guid":{"rendered":"http:\/\/www.vfl-grafenwald.de\/?p=1918"},"modified":"2018-10-25T13:43:39","modified_gmt":"2018-10-25T11:43:39","slug":"derby-und-neues-waldgefluester","status":"publish","type":"post","link":"https:\/\/www.vfl-grafenwald.de\/?p=1918","title":{"rendered":"Derby &#8211; und neues Waldgefl\u00fcster"},"content":{"rendered":"<p>Am Freitag, 26. Oktober, steigt das Derby zwischen den Grafenw\u00e4lder und Kirchhellener Erstmannschaften. Das Kreisliga A-Duell wird um 19.30 Uhr im Grafenw\u00e4lder Waldstadion angepfiffen &#8211; das Dorf wird auf den Beinen sein.<\/p>\n<p>Dieses Derby ist immer wieder f\u00fcr \u00dcberraschungen gut. Vielen ist sicher noch das spektakul\u00e4re 5:6 vor gut einem Jahr in Erinnerung. Wir w\u00fcnschen uns allen ein \u00e4hnlich umk\u00e4mpftes Spiel.<\/p>\n<p>P\u00fcnktlich zum Dorfduell wird die aktuelle Ausgabe des Waldgefl\u00fcster in Grafenwald an den bekannten Stellen ausliegen. Wer mag, kann sich die Ausgabe als <a href=\"http:\/\/www.vfl-grafenwald.de\/?page_id=154\" target=\"_blank\">PDF-Datei<\/a> herunterladen und sich literarisch auf dieses Ereignis einstimmen.<\/p>\n","protected":false},"excerpt":{"rendered":"<p>Am Freitag, 26. Oktober, steigt das Derby zwischen den Grafenw\u00e4lder und Kirchhellener Erstmannschaften. Das Kreisliga A-Duell wird um 19.30 Uhr im Grafenw\u00e4lder Waldstadion angepfiffen &#8211; das Dorf wird auf den Beinen sein. Dieses Derby ist immer wieder f\u00fcr \u00dcberraschungen gut. &hellip; <a href=\"https:\/\/www.vfl-grafenwald.de\/?p=1918\">Weiterlesen <span class=\"meta-nav\">&rarr;<\/span><\/a><\/p>\n","protected":false},"author":4,"featured_media":0,"comment_status":"closed","ping_status":"closed","sticky":false,"template":"","format":"standard","meta":{"footnotes":""},"categories":[4,1],"tags":[],"class_list":["post-1918","post","type-post","status-publish","format-standard","hentry","category-fussball","category-verein"],"_links":{"self":[{"href":"https:\/\/www.vfl-grafenwald.de\/index.php?rest_route=\/wp\/v2\/posts\/1918","targetHints":{"allow":["GET"]}}],"collection":[{"href":"https:\/\/www.vfl-grafenwald.de\/index.php?rest_route=\/wp\/v2\/posts"}],"about":[{"href":"https:\/\/www.vfl-grafenwald.de\/index.php?rest_route=\/wp\/v2\/types\/post"}],"author":[{"embeddable":true,"href":"https:\/\/www.vfl-grafenwald.de\/index.php?rest_route=\/wp\/v2\/users\/4"}],"replies":[{"embeddable":true,"href":"https:\/\/www.vfl-grafenwald.de\/index.php?rest_route=%2Fwp%2Fv2%2Fcomments&post=1918"}],"version-history":[{"count":1,"href":"https:\/\/www.vfl-grafenwald.de\/index.php?rest_route=\/wp\/v2\/posts\/1918\/revisions"}],"predecessor-version":[{"id":1919,"href":"https:\/\/www.vfl-grafenwald.de\/index.php?rest_route=\/wp\/v2\/posts\/1918\/revisions\/1919"}],"wp:attachment":[{"href":"https:\/\/www.vfl-grafenwald.de\/index.php?rest_route=%2Fwp%2Fv2%2Fmedia&parent=1918"}],"wp:term":[{"taxonomy":"category","embeddable":true,"href":"https:\/\/www.vfl-grafenwald.de\/index.php?rest_route=%2Fwp%2Fv2%2Fcategories&post=1918"},{"taxonomy":"post_tag","embeddable":true,"href":"https:\/\/www.vfl-grafenwald.de\/index.php?rest_route=%2Fwp%2Fv2%2Ftags&post=1918"}],"curies":[{"name":"wp","href":"https:\/\/api.w.org\/{rel}","templated":true}]}}