{"id":1889,"date":"2018-08-16T23:11:26","date_gmt":"2018-08-16T21:11:26","guid":{"rendered":"http:\/\/www.vfl-grafenwald.de\/?p=1889"},"modified":"2018-08-16T23:12:53","modified_gmt":"2018-08-16T21:12:53","slug":"50-90-jahre-vfl-grafenwald-e-v","status":"publish","type":"post","link":"https:\/\/www.vfl-grafenwald.de\/?p=1889","title":{"rendered":"50 \/ 90 Jahre VfL Grafenwald e.V."},"content":{"rendered":"<p>Offizielle Einladung zu unserem Vereinsjubil\u00e4um am 25.08.2018.<br \/>\nAlle Mitglieder und G\u00e4ste sind herzlich eingeladen. Wir freuen uns auf euren Besuch!<\/p>\n<div id=\"attachment_1890\" style=\"width: 610px\" class=\"wp-caption aligncenter\"><a href=\"http:\/\/www.vfl-grafenwald.de\/wp-content\/uploads\/2018\/08\/vfl_jubel.png\"><img loading=\"lazy\" decoding=\"async\" aria-describedby=\"caption-attachment-1890\" src=\"http:\/\/www.vfl-grafenwald.de\/wp-content\/uploads\/2018\/08\/vfl_jubel.png\" alt=\"\" width=\"600\" height=\"846\" class=\"size-full wp-image-1890\" srcset=\"https:\/\/www.vfl-grafenwald.de\/wp-content\/uploads\/2018\/08\/vfl_jubel.png 600w, https:\/\/www.vfl-grafenwald.de\/wp-content\/uploads\/2018\/08\/vfl_jubel-213x300.png 213w\" sizes=\"auto, (max-width: 600px) 100vw, 600px\" \/><\/a><p id=\"caption-attachment-1890\" class=\"wp-caption-text\">50 \/ 90 Jahre VfL Grafenwald e.V.<\/p><\/div>\n<p>PROGRAMM<br \/>\n09:00 &#8211; 14:30 Uhr<br \/>\nAbschluss W\u00f6ller Fu\u00dfballcamp mit Abnahme der Pr\u00fcfung<\/p>\n<p>VORF\u00dcHRUNGEN UNSERER ABTEILUNGEN:<br \/>\n14:30 Uhr Einrad<br \/>\n15:00 Uhr Tennis<br \/>\n15:15 Uhr Breitensport<br \/>\n15:45 Uhr Kampfsport<br \/>\n16:00 Uhr Einrad<br \/>\n16:30 Uhr Tennis<br \/>\n16:45 Uhr Breitensport<br \/>\n17:00 Uhr Einrad<br \/>\n17:15 Uhr Kampfsport<br \/>\n17:45 Uhr Einrad<br \/>\n18:00 Uhr Ehrung der 50-j\u00e4hrigen Mitglieder<br \/>\n18:30 Uhr Internes Fu\u00dfballturnier (Sch\u00fctzenverein \u2013 Feuerwehr \u2013 Alte Herren Grafenwald)<br \/>\n20:00 Uhr Offizielles Ende, danach gem\u00fctliches Beisammensein<\/p>\n<p>ZWISCHEN DEN EINZELNEN VORF\u00dcHRUNGEN<br \/>\nGIBT ES LIVE-MUSIK ZUR UNTERHALTUNG.<br \/>\nF\u00dcR ESSEN UND GETR\u00c4NKE IST GESORGT.<\/p>\n<p>RAHMENPROGRAMM<br \/>\n\u2022 TORWANDSCHIESSEN<br \/>\n\u2022 GESCHWINDIGKEITSMESSUNGEN VON SCH\u00dcSSEN<br \/>\n\u2022 MEDIZINBALLWEITWURF<br \/>\n\u2022 MINI-KICKER-TURNIER<br \/>\n\u2022 TENNISKORBWURF\/-SCHLAG<\/p>\n","protected":false},"excerpt":{"rendered":"<p>Offizielle Einladung zu unserem Vereinsjubil\u00e4um am 25.08.2018. Alle Mitglieder und G\u00e4ste sind herzlich eingeladen. Wir freuen uns auf euren Besuch! PROGRAMM 09:00 &#8211; 14:30 Uhr Abschluss W\u00f6ller Fu\u00dfballcamp mit Abnahme der Pr\u00fcfung VORF\u00dcHRUNGEN UNSERER ABTEILUNGEN: 14:30 Uhr Einrad 15:00 Uhr &hellip; <a href=\"https:\/\/www.vfl-grafenwald.de\/?p=1889\">Weiterlesen <span class=\"meta-nav\">&rarr;<\/span><\/a><\/p>\n","protected":false},"author":1,"featured_media":0,"comment_status":"closed","ping_status":"closed","sticky":false,"template":"","format":"standard","meta":{"footnotes":""},"categories":[7,5,4,3,6,1],"tags":[64,65,63],"class_list":["post-1889","post","type-post","status-publish","format-standard","hentry","category-breitensport","category-einrad","category-fussball","category-kampfsport","category-tennis","category-verein","tag-grafenwald","tag-jubilaeum","tag-vfl"],"_links":{"self":[{"href":"https:\/\/www.vfl-grafenwald.de\/index.php?rest_route=\/wp\/v2\/posts\/1889","targetHints":{"allow":["GET"]}}],"collection":[{"href":"https:\/\/www.vfl-grafenwald.de\/index.php?rest_route=\/wp\/v2\/posts"}],"about":[{"href":"https:\/\/www.vfl-grafenwald.de\/index.php?rest_route=\/wp\/v2\/types\/post"}],"author":[{"embeddable":true,"href":"https:\/\/www.vfl-grafenwald.de\/index.php?rest_route=\/wp\/v2\/users\/1"}],"replies":[{"embeddable":true,"href":"https:\/\/www.vfl-grafenwald.de\/index.php?rest_route=%2Fwp%2Fv2%2Fcomments&post=1889"}],"version-history":[{"count":3,"href":"https:\/\/www.vfl-grafenwald.de\/index.php?rest_route=\/wp\/v2\/posts\/1889\/revisions"}],"predecessor-version":[{"id":1893,"href":"https:\/\/www.vfl-grafenwald.de\/index.php?rest_route=\/wp\/v2\/posts\/1889\/revisions\/1893"}],"wp:attachment":[{"href":"https:\/\/www.vfl-grafenwald.de\/index.php?rest_route=%2Fwp%2Fv2%2Fmedia&parent=1889"}],"wp:term":[{"taxonomy":"category","embeddable":true,"href":"https:\/\/www.vfl-grafenwald.de\/index.php?rest_route=%2Fwp%2Fv2%2Fcategories&post=1889"},{"taxonomy":"post_tag","embeddable":true,"href":"https:\/\/www.vfl-grafenwald.de\/index.php?rest_route=%2Fwp%2Fv2%2Ftags&post=1889"}],"curies":[{"name":"wp","href":"https:\/\/api.w.org\/{rel}","templated":true}]}}